{"id":29119,"date":"2024-11-06T11:53:41","date_gmt":"2024-11-06T11:53:41","guid":{"rendered":"http:\/\/www.quickexpansion.com\/?p=29119"},"modified":"2024-11-06T11:53:45","modified_gmt":"2024-11-06T11:53:45","slug":"quick-expansion-asume-la-comercializacion-y-el-project-management-del-plan-parcial-costa-brava-en-blanes","status":"publish","type":"post","link":"https:\/\/www.quickexpansion.com\/en\/noticias\/quick-expansion-asume-la-comercializacion-y-el-project-management-del-plan-parcial-costa-brava-en-blanes\/","title":{"rendered":"Quick Expansi\u00f3n asume la comercializaci\u00f3n y el project management del Plan Parcial Costa Brava, en Blanes"},"content":{"rendered":"<p><strong><em>El Plan Parcial promete transformar la oferta de retail y de HORECA de la comarca.<\/em><\/strong><\/p>\n\n\n\n<p><strong><a href=\"https:\/\/www.quickexpansion.com\/en\/\">Quick Expansi\u00f3n<\/a><\/strong><strong> <\/strong>ha obtenido el mandato de la comercializaci\u00f3n y el <em>project management<\/em> de <strong>algunas de las parcelas que conforman el Plan Parcial Costa Brava, <\/strong>ubicado en Blanes (Girona).<\/p>\n\n\n\n<p>Este acuerdo marca un hito importante no solo para Quick Expansi\u00f3n, sino tambi\u00e9n para el desarrollo de la zona. El Plan Parcial Costa Brava es un nuevo referente en el mercado de la provincia catalana y <strong>promete transformar la oferta de retail y del canal HORECA de la comarca,<\/strong> combinando un dise\u00f1o arquitect\u00f3nico moderno con un enfoque en la sostenibilidad y la calidad de vida.<\/p>\n\n\n\n<p>Quick Expansi\u00f3n, que cuenta con un equipo altamente cualificado y es conocido por su enfoque innovador y su experiencia en la comercializaci\u00f3n y gesti\u00f3n de parques comerciales, se posiciona como un aliado estrat\u00e9gico para llevar a cabo este ambicioso plan.<\/p>\n\n\n\n<p>La consultora aportar\u00e1 su <em>know-how<\/em> en cada etapa del proceso. Desde la concepci\u00f3n inicial hasta la entrega final, la empresa se compromete a garantizar la m\u00e1xima calidad y eficiencia, cumpliendo con los plazos y est\u00e1ndares establecidos.<\/p>\n\n\n\n<p>Blanes supera los 125.000 habitantes en su \u00e1rea de influencia inmediata, siendo una de las zonas con mayor afluencia tur\u00edstica de Catalu\u00f1a y ejerciendo como polo de atracci\u00f3n de otras poblaciones cercanas como Lloret de Mar o Malgrat.<\/p>\n\n\n\n<figure class=\"wp-block-image size-large\"><img loading=\"lazy\" width=\"989\" height=\"404\" src=\"http:\/\/www.quickexpansion.com\/wp-content\/uploads\/image-1.png\" alt=\"\" class=\"wp-image-29121\" srcset=\"https:\/\/www.quickexpansion.com\/wp-content\/uploads\/image-1.png 989w, https:\/\/www.quickexpansion.com\/wp-content\/uploads\/image-1-300x123.png 300w, https:\/\/www.quickexpansion.com\/wp-content\/uploads\/image-1-768x314.png 768w\" sizes=\"(max-width: 989px) 100vw, 989px\" \/><\/figure>\n\n\n\n<p>En cuanto la oferta comercial, la primera fase del Plan Parcial Costa Brava cuenta con operadores de reconocido prestigio en el sector, como <strong>Decathlon, Consum, Aldi o Casa Ametller.<\/strong><\/p>\n\n\n\n<p>Una vez aprobada la \u00faltima modificaci\u00f3n puntual del Plan Parcial y recepcionada la urbanizaci\u00f3n por parte del Ayuntamiento, se inicia la segunda fase de comercializaci\u00f3n y construcci\u00f3n del resto de parcelas. La entrega de los primeros locales se prev\u00e9 para finales de 2025.<\/p>\n\n\n\n<p>El Plan Parcial Costa Brava Fase II cuenta, en su conjunto, con 17.000 m2 de edificabilidad con uso terciario, deportivo&nbsp;y de restauraci\u00f3n, adem\u00e1s de un parque infantil y una zona de equipamiento p\u00fablico.<\/p>\n\n\n\n<p>Adem\u00e1s de las parcelas de uso terciario, el propio Plan Parcial cuenta con un colegio, un parque infantil y una zona residencial que empezar\u00e1 a desarrollarse en breve.<\/p>\n\n\n\n<p>\u00abEstamos encantados de asociarnos con el Plan Parcial Costa Brava en este emocionante proyecto. Nuestra experiencia en comercializaci\u00f3n y gesti\u00f3n de proyectos nos permitir\u00e1 llevar a buen puerto esta tarea con el m\u00e1s alto nivel de calidad y dedicaci\u00f3n\u00bb, comenta <strong>Jordi Salvador, a<\/strong><strong>sociado \u00e1rea de Inversi\u00f3n y Retail en Quick Expansi\u00f3n.<\/strong><\/p>","protected":false},"excerpt":{"rendered":"<p>El Plan Parcial promete transformar la oferta de retail y de HORECA de la comarca. Quick Expansi\u00f3n ha obtenido el mandato de la comercializaci\u00f3n y el project management de algunas de las parcelas que conforman el Plan Parcial Costa Brava, ubicado en Blanes (Girona). Este acuerdo marca un hito importante no solo para Quick Expansi\u00f3n, [&hellip;]<\/p>","protected":false},"author":2,"featured_media":29120,"comment_status":"open","ping_status":"open","sticky":false,"template":"","format":"standard","meta":{"spay_email":"","jetpack_publicize_message":"","jetpack_is_tweetstorm":false},"categories":[8],"tags":[],"jetpack_featured_media_url":"https:\/\/www.quickexpansion.com\/wp-content\/uploads\/image.png","jetpack_publicize_connections":[],"yoast_head":"<!-- This site is optimized with the Yoast SEO plugin v15.4 - https:\/\/yoast.com\/wordpress\/plugins\/seo\/ -->\n<title>Quick Expansi\u00f3n asume la comercializaci\u00f3n y el project management del Plan Parcial Costa Brava, en Blanes - Quick Expansi\u00f3n<\/title>\n<meta name=\"robots\" content=\"index, follow, max-snippet:-1, max-image-preview:large, max-video-preview:-1\" \/>\n<link rel=\"canonical\" href=\"https:\/\/www.quickexpansion.com\/en\/noticias\/quick-expansion-asume-la-comercializacion-y-el-project-management-del-plan-parcial-costa-brava-en-blanes\/\" \/>\n<meta property=\"og:locale\" content=\"en_GB\" \/>\n<meta property=\"og:type\" content=\"article\" \/>\n<meta property=\"og:title\" content=\"Quick Expansi\u00f3n asume la comercializaci\u00f3n y el project management del Plan Parcial Costa Brava, en Blanes - Quick Expansi\u00f3n\" \/>\n<meta property=\"og:description\" content=\"El Plan Parcial promete transformar la oferta de retail y de HORECA de la comarca. Quick Expansi\u00f3n ha obtenido el mandato de la comercializaci\u00f3n y el project management de algunas de las parcelas que conforman el Plan Parcial Costa Brava, ubicado en Blanes (Girona). Este acuerdo marca un hito importante no solo para Quick Expansi\u00f3n, [&hellip;]\" \/>\n<meta property=\"og:url\" content=\"https:\/\/www.quickexpansion.com\/en\/noticias\/quick-expansion-asume-la-comercializacion-y-el-project-management-del-plan-parcial-costa-brava-en-blanes\/\" \/>\n<meta property=\"og:site_name\" content=\"Quick Expansi\u00f3n\" \/>\n<meta property=\"article:published_time\" content=\"2024-11-06T11:53:41+00:00\" \/>\n<meta property=\"article:modified_time\" content=\"2024-11-06T11:53:45+00:00\" \/>\n<meta property=\"og:image\" content=\"https:\/\/www.quickexpansion.com\/wp-content\/uploads\/image.png\" \/>\n\t<meta property=\"og:image:width\" content=\"617\" \/>\n\t<meta property=\"og:image:height\" content=\"324\" \/>\n<meta name=\"twitter:card\" content=\"summary\" \/>\n<meta name=\"twitter:label1\" content=\"Written by\">\n\t<meta name=\"twitter:data1\" content=\"quickexpansion\">\n\t<meta name=\"twitter:label2\" content=\"Estimated reading time\">\n\t<meta name=\"twitter:data2\" content=\"2 minutes\">\n<script type=\"application\/ld+json\" class=\"yoast-schema-graph\">{\"@context\":\"https:\/\/schema.org\",\"@graph\":[{\"@type\":\"Organization\",\"@id\":\"http:\/\/www.quickexpansion.com\/#organization\",\"name\":\"Quick Expansion\",\"url\":\"http:\/\/www.quickexpansion.com\/\",\"sameAs\":[],\"logo\":{\"@type\":\"ImageObject\",\"@id\":\"http:\/\/www.quickexpansion.com\/#logo\",\"inLanguage\":\"en-GB\",\"url\":\"https:\/\/www.quickexpansion.com\/wp-content\/uploads\/cropped-icono-sitio-quickexpansion-1.png\",\"width\":512,\"height\":512,\"caption\":\"Quick Expansion\"},\"image\":{\"@id\":\"http:\/\/www.quickexpansion.com\/#logo\"}},{\"@type\":\"WebSite\",\"@id\":\"http:\/\/www.quickexpansion.com\/#website\",\"url\":\"http:\/\/www.quickexpansion.com\/\",\"name\":\"Quick Expansi\\u00f3n\",\"description\":\"Retail and Investment services\",\"publisher\":{\"@id\":\"http:\/\/www.quickexpansion.com\/#organization\"},\"potentialAction\":[{\"@type\":\"SearchAction\",\"target\":\"http:\/\/www.quickexpansion.com\/?s={search_term_string}\",\"query-input\":\"required name=search_term_string\"}],\"inLanguage\":\"en-GB\"},{\"@type\":\"ImageObject\",\"@id\":\"https:\/\/www.quickexpansion.com\/noticias\/quick-expansion-asume-la-comercializacion-y-el-project-management-del-plan-parcial-costa-brava-en-blanes\/#primaryimage\",\"inLanguage\":\"en-GB\",\"url\":\"https:\/\/www.quickexpansion.com\/wp-content\/uploads\/image.png\",\"width\":617,\"height\":324},{\"@type\":\"WebPage\",\"@id\":\"https:\/\/www.quickexpansion.com\/noticias\/quick-expansion-asume-la-comercializacion-y-el-project-management-del-plan-parcial-costa-brava-en-blanes\/#webpage\",\"url\":\"https:\/\/www.quickexpansion.com\/noticias\/quick-expansion-asume-la-comercializacion-y-el-project-management-del-plan-parcial-costa-brava-en-blanes\/\",\"name\":\"Quick Expansi\\u00f3n asume la comercializaci\\u00f3n y el project management del Plan Parcial Costa Brava, en Blanes - Quick Expansi\\u00f3n\",\"isPartOf\":{\"@id\":\"http:\/\/www.quickexpansion.com\/#website\"},\"primaryImageOfPage\":{\"@id\":\"https:\/\/www.quickexpansion.com\/noticias\/quick-expansion-asume-la-comercializacion-y-el-project-management-del-plan-parcial-costa-brava-en-blanes\/#primaryimage\"},\"datePublished\":\"2024-11-06T11:53:41+00:00\",\"dateModified\":\"2024-11-06T11:53:45+00:00\",\"inLanguage\":\"en-GB\",\"potentialAction\":[{\"@type\":\"ReadAction\",\"target\":[\"https:\/\/www.quickexpansion.com\/noticias\/quick-expansion-asume-la-comercializacion-y-el-project-management-del-plan-parcial-costa-brava-en-blanes\/\"]}]},{\"@type\":\"Article\",\"@id\":\"https:\/\/www.quickexpansion.com\/noticias\/quick-expansion-asume-la-comercializacion-y-el-project-management-del-plan-parcial-costa-brava-en-blanes\/#article\",\"isPartOf\":{\"@id\":\"https:\/\/www.quickexpansion.com\/noticias\/quick-expansion-asume-la-comercializacion-y-el-project-management-del-plan-parcial-costa-brava-en-blanes\/#webpage\"},\"author\":{\"@id\":\"http:\/\/www.quickexpansion.com\/#\/schema\/person\/a77ac750c6c036244af69f7b68aa61f6\"},\"headline\":\"Quick Expansi\\u00f3n asume la comercializaci\\u00f3n y el project management del Plan Parcial Costa Brava, en Blanes\",\"datePublished\":\"2024-11-06T11:53:41+00:00\",\"dateModified\":\"2024-11-06T11:53:45+00:00\",\"mainEntityOfPage\":{\"@id\":\"https:\/\/www.quickexpansion.com\/noticias\/quick-expansion-asume-la-comercializacion-y-el-project-management-del-plan-parcial-costa-brava-en-blanes\/#webpage\"},\"commentCount\":0,\"publisher\":{\"@id\":\"http:\/\/www.quickexpansion.com\/#organization\"},\"image\":{\"@id\":\"https:\/\/www.quickexpansion.com\/noticias\/quick-expansion-asume-la-comercializacion-y-el-project-management-del-plan-parcial-costa-brava-en-blanes\/#primaryimage\"},\"articleSection\":\"Noticias\",\"inLanguage\":\"en-GB\",\"potentialAction\":[{\"@type\":\"CommentAction\",\"name\":\"Comment\",\"target\":[\"https:\/\/www.quickexpansion.com\/noticias\/quick-expansion-asume-la-comercializacion-y-el-project-management-del-plan-parcial-costa-brava-en-blanes\/#respond\"]}]},{\"@type\":\"Person\",\"@id\":\"http:\/\/www.quickexpansion.com\/#\/schema\/person\/a77ac750c6c036244af69f7b68aa61f6\",\"name\":\"quickexpansion\",\"image\":{\"@type\":\"ImageObject\",\"@id\":\"http:\/\/www.quickexpansion.com\/#personlogo\",\"inLanguage\":\"en-GB\",\"url\":\"https:\/\/secure.gravatar.com\/avatar\/0a90acdc5422f8c0aa7f00cb8a450934?s=96&d=mm&r=g\",\"caption\":\"quickexpansion\"}}]}<\/script>\n<!-- \/ Yoast SEO plugin. -->","jetpack_sharing_enabled":true,"jetpack_shortlink":"https:\/\/wp.me\/p7VPSv-7zF","_links":{"self":[{"href":"https:\/\/www.quickexpansion.com\/en\/wp-json\/wp\/v2\/posts\/29119"}],"collection":[{"href":"https:\/\/www.quickexpansion.com\/en\/wp-json\/wp\/v2\/posts"}],"about":[{"href":"https:\/\/www.quickexpansion.com\/en\/wp-json\/wp\/v2\/types\/post"}],"author":[{"embeddable":true,"href":"https:\/\/www.quickexpansion.com\/en\/wp-json\/wp\/v2\/users\/2"}],"replies":[{"embeddable":true,"href":"https:\/\/www.quickexpansion.com\/en\/wp-json\/wp\/v2\/comments?post=29119"}],"version-history":[{"count":1,"href":"https:\/\/www.quickexpansion.com\/en\/wp-json\/wp\/v2\/posts\/29119\/revisions"}],"predecessor-version":[{"id":29122,"href":"https:\/\/www.quickexpansion.com\/en\/wp-json\/wp\/v2\/posts\/29119\/revisions\/29122"}],"wp:featuredmedia":[{"embeddable":true,"href":"https:\/\/www.quickexpansion.com\/en\/wp-json\/wp\/v2\/media\/29120"}],"wp:attachment":[{"href":"https:\/\/www.quickexpansion.com\/en\/wp-json\/wp\/v2\/media?parent=29119"}],"wp:term":[{"taxonomy":"category","embeddable":true,"href":"https:\/\/www.quickexpansion.com\/en\/wp-json\/wp\/v2\/categories?post=29119"},{"taxonomy":"post_tag","embeddable":true,"href":"https:\/\/www.quickexpansion.com\/en\/wp-json\/wp\/v2\/tags?post=29119"}],"curies":[{"name":"wp","href":"https:\/\/api.w.org\/{rel}","templated":true}]}}