{"id":29081,"date":"2023-05-06T08:46:17","date_gmt":"2023-05-06T08:46:17","guid":{"rendered":"http:\/\/www.quickexpansion.com\/?p=29081"},"modified":"2023-05-06T08:46:25","modified_gmt":"2023-05-06T08:46:25","slug":"quick-expansion-incorpora-como-asociado-a-jordi-salvador","status":"publish","type":"post","link":"https:\/\/www.quickexpansion.com\/en\/noticias\/quick-expansion-incorpora-como-asociado-a-jordi-salvador\/","title":{"rendered":"QUICK EXPANSI\u00d3N INCORPORA COMO ASOCIADO A JORDI SALVADOR"},"content":{"rendered":"<p>La consultora&nbsp;<a href=\"https:\/\/www.quickexpansion.com\/en\/\"><strong>Quick Expansi\u00f3n<\/strong><\/a>&nbsp;ha anunciado la incorporaci\u00f3n de&nbsp;<strong>Jordi<\/strong>&nbsp;<strong>Salvador<\/strong>&nbsp;<strong>como asociado de la<\/strong>&nbsp;<strong>compa\u00f1\u00eda<\/strong>. La experiencia de 25 a\u00f1os como directivo en el mundo de la expansi\u00f3n y la gesti\u00f3n del patrimonio, as\u00ed como una amplia red de contactos y el conocimiento de empresas multinacionales como miembro de sus comit\u00e9s de direcci\u00f3n, son algunos de los factores que contribuir\u00e1n y complementar\u00e1n el crecimiento de Quick Expansi\u00f3n.<\/p>\n\n\n\n<p>Salvador, desde la sede de Quick Expansi\u00f3n en Barcelona,&nbsp;<strong>se incorpora al \u00e1rea de Inversi\u00f3n<\/strong>&nbsp;desarrollando cuentas corporativas a nivel nacional y generando sinergias dentro de la compa\u00f1\u00eda con operadores globales e inversores.<\/p>\n\n\n\n<p>Jordi Salvador es licenciado en Derecho y Diplomado por IESE y cuenta con formaci\u00f3n en&nbsp;<strong>Arrendamientos urbanos (ICAB) y Derecho urban\u00edstico (Abad Oliva)<\/strong>. Ha sido director de Expansi\u00f3n y Patrimonio en diversas multinacionales y estos \u00faltimos tres a\u00f1os ha desarrollado su carrera profesional, a trav\u00e9s de su propia consultora<strong>, en los sectores&nbsp;<\/strong><em><strong>retail<\/strong><\/em><strong>&nbsp;y horeca.<\/strong><\/p>\n\n\n\n<p>Jordi Salvador comenta: \u201cEstoy muy ilusionado con formar parte de esta \u2018familia\u2019, donde est\u00e1n presentes valores como la confianza, la excelencia, el compromiso, la integridad y el compa\u00f1erismo, que comparto plenamente. El volver a trabajar formando parte de un equipo multidisciplinar, con grandes profesionales, donde todos colaboramos y nos apoyamos entre s\u00ed, hace que esta nueva etapa profesional me haga sentir plenamente satisfecho\u201d.<\/p>\n\n\n\n<figure class=\"wp-block-image size-large\"><img loading=\"lazy\" width=\"799\" height=\"705\" src=\"https:\/\/www.quickexpansion.com\/wp-content\/uploads\/JordiSalvadorQuick-scaled-e1683222843806.jpg\" alt=\"\" class=\"wp-image-29082\" srcset=\"https:\/\/www.quickexpansion.com\/wp-content\/uploads\/JordiSalvadorQuick-scaled-e1683222843806.jpg 799w, https:\/\/www.quickexpansion.com\/wp-content\/uploads\/JordiSalvadorQuick-scaled-e1683222843806-300x265.jpg 300w, https:\/\/www.quickexpansion.com\/wp-content\/uploads\/JordiSalvadorQuick-scaled-e1683222843806-768x678.jpg 768w\" sizes=\"(max-width: 799px) 100vw, 799px\" \/><\/figure>","protected":false},"excerpt":{"rendered":"<p>La consultora&nbsp;Quick Expansi\u00f3n&nbsp;ha anunciado la incorporaci\u00f3n de&nbsp;Jordi&nbsp;Salvador&nbsp;como asociado de la&nbsp;compa\u00f1\u00eda. La experiencia de 25 a\u00f1os como directivo en el mundo de la expansi\u00f3n y la gesti\u00f3n del patrimonio, as\u00ed como una amplia red de contactos y el conocimiento de empresas multinacionales como miembro de sus comit\u00e9s de direcci\u00f3n, son algunos de los factores que contribuir\u00e1n [&hellip;]<\/p>","protected":false},"author":2,"featured_media":29082,"comment_status":"open","ping_status":"open","sticky":false,"template":"","format":"standard","meta":{"spay_email":"","jetpack_publicize_message":"","jetpack_is_tweetstorm":false},"categories":[8],"tags":[],"jetpack_featured_media_url":"https:\/\/www.quickexpansion.com\/wp-content\/uploads\/JordiSalvadorQuick-scaled-e1683222843806.jpg","jetpack_publicize_connections":[],"yoast_head":"<!-- This site is optimized with the Yoast SEO plugin v15.4 - https:\/\/yoast.com\/wordpress\/plugins\/seo\/ -->\n<title>QUICK EXPANSI\u00d3N INCORPORA COMO ASOCIADO A JORDI SALVADOR - Quick Expansi\u00f3n<\/title>\n<meta name=\"robots\" content=\"index, follow, max-snippet:-1, max-image-preview:large, max-video-preview:-1\" \/>\n<link rel=\"canonical\" href=\"https:\/\/www.quickexpansion.com\/en\/noticias\/quick-expansion-incorpora-como-asociado-a-jordi-salvador\/\" \/>\n<meta property=\"og:locale\" content=\"en_GB\" \/>\n<meta property=\"og:type\" content=\"article\" \/>\n<meta property=\"og:title\" content=\"QUICK EXPANSI\u00d3N INCORPORA COMO ASOCIADO A JORDI SALVADOR - Quick Expansi\u00f3n\" \/>\n<meta property=\"og:description\" content=\"La consultora&nbsp;Quick Expansi\u00f3n&nbsp;ha anunciado la incorporaci\u00f3n de&nbsp;Jordi&nbsp;Salvador&nbsp;como asociado de la&nbsp;compa\u00f1\u00eda. La experiencia de 25 a\u00f1os como directivo en el mundo de la expansi\u00f3n y la gesti\u00f3n del patrimonio, as\u00ed como una amplia red de contactos y el conocimiento de empresas multinacionales como miembro de sus comit\u00e9s de direcci\u00f3n, son algunos de los factores que contribuir\u00e1n [&hellip;]\" \/>\n<meta property=\"og:url\" content=\"https:\/\/www.quickexpansion.com\/en\/noticias\/quick-expansion-incorpora-como-asociado-a-jordi-salvador\/\" \/>\n<meta property=\"og:site_name\" content=\"Quick Expansi\u00f3n\" \/>\n<meta property=\"article:published_time\" content=\"2023-05-06T08:46:17+00:00\" \/>\n<meta property=\"article:modified_time\" content=\"2023-05-06T08:46:25+00:00\" \/>\n<meta property=\"og:image\" content=\"https:\/\/www.quickexpansion.com\/wp-content\/uploads\/JordiSalvadorQuick-scaled-e1683222843806.jpg\" \/>\n\t<meta property=\"og:image:width\" content=\"799\" \/>\n\t<meta property=\"og:image:height\" content=\"705\" \/>\n<meta name=\"twitter:card\" content=\"summary\" \/>\n<meta name=\"twitter:label1\" content=\"Written by\">\n\t<meta name=\"twitter:data1\" content=\"quickexpansion\">\n\t<meta name=\"twitter:label2\" content=\"Estimated reading time\">\n\t<meta name=\"twitter:data2\" content=\"1 minute\">\n<script type=\"application\/ld+json\" class=\"yoast-schema-graph\">{\"@context\":\"https:\/\/schema.org\",\"@graph\":[{\"@type\":\"Organization\",\"@id\":\"http:\/\/www.quickexpansion.com\/#organization\",\"name\":\"Quick Expansion\",\"url\":\"http:\/\/www.quickexpansion.com\/\",\"sameAs\":[],\"logo\":{\"@type\":\"ImageObject\",\"@id\":\"http:\/\/www.quickexpansion.com\/#logo\",\"inLanguage\":\"en-GB\",\"url\":\"https:\/\/www.quickexpansion.com\/wp-content\/uploads\/cropped-icono-sitio-quickexpansion-1.png\",\"width\":512,\"height\":512,\"caption\":\"Quick Expansion\"},\"image\":{\"@id\":\"http:\/\/www.quickexpansion.com\/#logo\"}},{\"@type\":\"WebSite\",\"@id\":\"http:\/\/www.quickexpansion.com\/#website\",\"url\":\"http:\/\/www.quickexpansion.com\/\",\"name\":\"Quick Expansi\\u00f3n\",\"description\":\"Retail and Investment services\",\"publisher\":{\"@id\":\"http:\/\/www.quickexpansion.com\/#organization\"},\"potentialAction\":[{\"@type\":\"SearchAction\",\"target\":\"http:\/\/www.quickexpansion.com\/?s={search_term_string}\",\"query-input\":\"required name=search_term_string\"}],\"inLanguage\":\"en-GB\"},{\"@type\":\"ImageObject\",\"@id\":\"https:\/\/www.quickexpansion.com\/noticias\/quick-expansion-incorpora-como-asociado-a-jordi-salvador\/#primaryimage\",\"inLanguage\":\"en-GB\",\"url\":\"https:\/\/www.quickexpansion.com\/wp-content\/uploads\/JordiSalvadorQuick-scaled-e1683222843806.jpg\",\"width\":799,\"height\":705},{\"@type\":\"WebPage\",\"@id\":\"https:\/\/www.quickexpansion.com\/noticias\/quick-expansion-incorpora-como-asociado-a-jordi-salvador\/#webpage\",\"url\":\"https:\/\/www.quickexpansion.com\/noticias\/quick-expansion-incorpora-como-asociado-a-jordi-salvador\/\",\"name\":\"QUICK EXPANSI\\u00d3N INCORPORA COMO ASOCIADO A JORDI SALVADOR - Quick Expansi\\u00f3n\",\"isPartOf\":{\"@id\":\"http:\/\/www.quickexpansion.com\/#website\"},\"primaryImageOfPage\":{\"@id\":\"https:\/\/www.quickexpansion.com\/noticias\/quick-expansion-incorpora-como-asociado-a-jordi-salvador\/#primaryimage\"},\"datePublished\":\"2023-05-06T08:46:17+00:00\",\"dateModified\":\"2023-05-06T08:46:25+00:00\",\"inLanguage\":\"en-GB\",\"potentialAction\":[{\"@type\":\"ReadAction\",\"target\":[\"https:\/\/www.quickexpansion.com\/noticias\/quick-expansion-incorpora-como-asociado-a-jordi-salvador\/\"]}]},{\"@type\":\"Article\",\"@id\":\"https:\/\/www.quickexpansion.com\/noticias\/quick-expansion-incorpora-como-asociado-a-jordi-salvador\/#article\",\"isPartOf\":{\"@id\":\"https:\/\/www.quickexpansion.com\/noticias\/quick-expansion-incorpora-como-asociado-a-jordi-salvador\/#webpage\"},\"author\":{\"@id\":\"http:\/\/www.quickexpansion.com\/#\/schema\/person\/a77ac750c6c036244af69f7b68aa61f6\"},\"headline\":\"QUICK EXPANSI\\u00d3N INCORPORA COMO ASOCIADO A JORDI SALVADOR\",\"datePublished\":\"2023-05-06T08:46:17+00:00\",\"dateModified\":\"2023-05-06T08:46:25+00:00\",\"mainEntityOfPage\":{\"@id\":\"https:\/\/www.quickexpansion.com\/noticias\/quick-expansion-incorpora-como-asociado-a-jordi-salvador\/#webpage\"},\"commentCount\":0,\"publisher\":{\"@id\":\"http:\/\/www.quickexpansion.com\/#organization\"},\"image\":{\"@id\":\"https:\/\/www.quickexpansion.com\/noticias\/quick-expansion-incorpora-como-asociado-a-jordi-salvador\/#primaryimage\"},\"articleSection\":\"Noticias\",\"inLanguage\":\"en-GB\",\"potentialAction\":[{\"@type\":\"CommentAction\",\"name\":\"Comment\",\"target\":[\"https:\/\/www.quickexpansion.com\/noticias\/quick-expansion-incorpora-como-asociado-a-jordi-salvador\/#respond\"]}]},{\"@type\":\"Person\",\"@id\":\"http:\/\/www.quickexpansion.com\/#\/schema\/person\/a77ac750c6c036244af69f7b68aa61f6\",\"name\":\"quickexpansion\",\"image\":{\"@type\":\"ImageObject\",\"@id\":\"http:\/\/www.quickexpansion.com\/#personlogo\",\"inLanguage\":\"en-GB\",\"url\":\"https:\/\/secure.gravatar.com\/avatar\/0a90acdc5422f8c0aa7f00cb8a450934?s=96&d=mm&r=g\",\"caption\":\"quickexpansion\"}}]}<\/script>\n<!-- \/ Yoast SEO plugin. -->","jetpack_sharing_enabled":true,"jetpack_shortlink":"https:\/\/wp.me\/p7VPSv-7z3","_links":{"self":[{"href":"https:\/\/www.quickexpansion.com\/en\/wp-json\/wp\/v2\/posts\/29081"}],"collection":[{"href":"https:\/\/www.quickexpansion.com\/en\/wp-json\/wp\/v2\/posts"}],"about":[{"href":"https:\/\/www.quickexpansion.com\/en\/wp-json\/wp\/v2\/types\/post"}],"author":[{"embeddable":true,"href":"https:\/\/www.quickexpansion.com\/en\/wp-json\/wp\/v2\/users\/2"}],"replies":[{"embeddable":true,"href":"https:\/\/www.quickexpansion.com\/en\/wp-json\/wp\/v2\/comments?post=29081"}],"version-history":[{"count":1,"href":"https:\/\/www.quickexpansion.com\/en\/wp-json\/wp\/v2\/posts\/29081\/revisions"}],"predecessor-version":[{"id":29083,"href":"https:\/\/www.quickexpansion.com\/en\/wp-json\/wp\/v2\/posts\/29081\/revisions\/29083"}],"wp:featuredmedia":[{"embeddable":true,"href":"https:\/\/www.quickexpansion.com\/en\/wp-json\/wp\/v2\/media\/29082"}],"wp:attachment":[{"href":"https:\/\/www.quickexpansion.com\/en\/wp-json\/wp\/v2\/media?parent=29081"}],"wp:term":[{"taxonomy":"category","embeddable":true,"href":"https:\/\/www.quickexpansion.com\/en\/wp-json\/wp\/v2\/categories?post=29081"},{"taxonomy":"post_tag","embeddable":true,"href":"https:\/\/www.quickexpansion.com\/en\/wp-json\/wp\/v2\/tags?post=29081"}],"curies":[{"name":"wp","href":"https:\/\/api.w.org\/{rel}","templated":true}]}}