{"id":28918,"date":"2020-01-28T22:26:16","date_gmt":"2020-01-28T22:26:16","guid":{"rendered":"http:\/\/www.quickexpansion.com\/?p=28918"},"modified":"2020-01-28T22:26:22","modified_gmt":"2020-01-28T22:26:22","slug":"reapertura-jysk-alfafar-1-de-febrero","status":"publish","type":"post","link":"https:\/\/www.quickexpansion.com\/en\/noticias\/reapertura-jysk-alfafar-1-de-febrero\/","title":{"rendered":"Reapertura JYSK Alfafar, 1 de febrero"},"content":{"rendered":"<p><em>JYSK, los escandinavos en Descanso y Hogar celebran la reapertura de su tienda en Alfafar Parc. <\/em><\/p>\n\n\n\n<figure class=\"wp-block-image\"><img loading=\"lazy\" width=\"709\" height=\"531\" src=\"http:\/\/www.quickexpansion.com\/wp-content\/uploads\/Foto-apertura.jpg\" alt=\"\" class=\"wp-image-28919\" srcset=\"https:\/\/www.quickexpansion.com\/wp-content\/uploads\/Foto-apertura.jpg 709w, https:\/\/www.quickexpansion.com\/wp-content\/uploads\/Foto-apertura-300x225.jpg 300w, https:\/\/www.quickexpansion.com\/wp-content\/uploads\/Foto-apertura-510x382.jpg 510w\" sizes=\"(max-width: 709px) 100vw, 709px\" \/><\/figure>\n\n\n\n<p><em><br><\/em>El evento tendr\u00e1 lugar el pr\u00f3ximo s\u00e1bado 1 de febrero en el Parque Comercial\u00a0Alfafar Parc.\u00a0La consolidada cadena danesa de decoraci\u00f3n, descanso y mobiliario de estilo n\u00f3rdico prepara un una fiesta de reapertura con animaci\u00f3n musical, reconocidos invitados y premios para los asistentes.\u00a0<br>Febrero arranca con la esperada reapertura en el Parque Comercial\u00a0Alfafar Parc\u00a0del punto de venta JYSK, que se establece como empresa de referencia en decoraci\u00f3n n\u00f3rdica, reinauguraci\u00f3n, que tendr\u00e1 lugar en el nuevo local de la marca a escasos metros de Bauhaus, operaci\u00f3n que\u00a0ha sido asesorada por Quick Expansi\u00f3n. Contar\u00e1 con grandes e importantes descuentos y estar\u00e1 amenizada por un DJ. La tienda abrir\u00e1 sus puertas a partir de las 10h y la fiesta se alargar\u00e1 hasta las 22h de la noche. \u00a1No puedes faltar!<br><br><strong>Asistencia de Macarena Gea<\/strong><br>El evento contar\u00e1 con la presencia de una invitada de lujo, Macarena Gea, reputada dise\u00f1adora de interiores, arquitecta e influencer. Macarena y JYSK forman una uni\u00f3n perfecta, la valenciana y la marca escandinava inician su relaci\u00f3n con una colaboraci\u00f3n que se podr\u00e1 seguir en sus perfiles de redes sociales (@jysk_espana y @macarenagea). Adem\u00e1s, Macarena estar\u00e1 presente el s\u00e1bado 01 de febrero (a partir de las 17:00h) en la reapertura para ofrecer un \u201cMeet&amp;Greet\u201d seguido de un taller inspiracional sobre decoraci\u00f3n y esp\u00edritu hygge.<\/p>\n\n\n\n<p><br><strong>Precios especiales y ruleta de regalos con premio seguro<\/strong><br>JYSK Alfafar abrir\u00e1 sus puertas con precios especiales en sus art\u00edculos de decoraci\u00f3n, descanso y mobiliario. Desde colchones a muebles, pasando por textiles, art\u00edculos decorativos y otras soluciones para el hogar. La fiesta contar\u00e1 con una ruleta de regalos, los asistentes tendr\u00e1n la oportunidad de participar y conseguir premio seguro.\u00a0<\/p>\n\n\n\n<p><br><strong>Una marca que se consolida en Espa\u00f1a<\/strong><br>Este establecimiento suma ya casi 70 de los que la marca tiene repartidos por el territorio espa\u00f1ol (sumando Baleares y Canarias). La prestigiosa cadena danesa, que cuenta con m\u00e1s de 35 a\u00f1os de experiencia, lleva operando ya m\u00e1s de una d\u00e9cada en nuestro pa\u00eds. Adem\u00e1s dispone de tienda online (JYSK.es) donde puedes adquirir todo tipo de art\u00edculos para darle a tu hogar un toque de tendencia n\u00f3rdica.<\/p>\n\n\n\n<p><br><strong>Dise\u00f1o y calidad de estilo escandinavo<\/strong><br>Tanto en sus tiendas como en su cat\u00e1logo encontrar\u00e1s piezas b\u00e1sicas de inspiraci\u00f3n escandinava.\u00a0JYSK te invita a descubrir la filosof\u00eda de vida danesa, llamada Hygge, con la que convertir tu hogar en un c\u00e1lido refugio en el que disfrutar de las peque\u00f1as cosas.\u00a0<br>No dejes escapar esta fiesta de reapertura de JYSK en el Parque Comercial Alfafar Parc el s\u00e1bado 1 de febrero. D\u00e9jate cautivar por su estilo escandinavo y precios, moderniza tu hogar con un toque n\u00f3rdico.<br><em>\u00a1Contamos contigo! <\/em><\/p>","protected":false},"excerpt":{"rendered":"<p>JYSK, los escandinavos en Descanso y Hogar celebran la reapertura de su tienda en Alfafar Parc. El evento tendr\u00e1 lugar el pr\u00f3ximo s\u00e1bado 1 de febrero en el Parque Comercial\u00a0Alfafar Parc.\u00a0La consolidada cadena danesa de decoraci\u00f3n, descanso y mobiliario de estilo n\u00f3rdico prepara un una fiesta de reapertura con animaci\u00f3n musical, reconocidos invitados y premios [&hellip;]<\/p>","protected":false},"author":2,"featured_media":28919,"comment_status":"open","ping_status":"open","sticky":false,"template":"","format":"standard","meta":{"spay_email":"","jetpack_publicize_message":"","jetpack_is_tweetstorm":false},"categories":[8],"tags":[],"jetpack_featured_media_url":"https:\/\/www.quickexpansion.com\/wp-content\/uploads\/Foto-apertura.jpg","jetpack_publicize_connections":[],"yoast_head":"<!-- This site is optimized with the Yoast SEO plugin v15.4 - https:\/\/yoast.com\/wordpress\/plugins\/seo\/ -->\n<title>Reapertura JYSK Alfafar, 1 de febrero - Quick Expansi\u00f3n<\/title>\n<meta name=\"robots\" content=\"index, follow, max-snippet:-1, max-image-preview:large, max-video-preview:-1\" \/>\n<link rel=\"canonical\" href=\"https:\/\/www.quickexpansion.com\/en\/noticias\/reapertura-jysk-alfafar-1-de-febrero\/\" \/>\n<meta property=\"og:locale\" content=\"en_GB\" \/>\n<meta property=\"og:type\" content=\"article\" \/>\n<meta property=\"og:title\" content=\"Reapertura JYSK Alfafar, 1 de febrero - Quick Expansi\u00f3n\" \/>\n<meta property=\"og:description\" content=\"JYSK, los escandinavos en Descanso y Hogar celebran la reapertura de su tienda en Alfafar Parc. El evento tendr\u00e1 lugar el pr\u00f3ximo s\u00e1bado 1 de febrero en el Parque Comercial\u00a0Alfafar Parc.\u00a0La consolidada cadena danesa de decoraci\u00f3n, descanso y mobiliario de estilo n\u00f3rdico prepara un una fiesta de reapertura con animaci\u00f3n musical, reconocidos invitados y premios [&hellip;]\" \/>\n<meta property=\"og:url\" content=\"https:\/\/www.quickexpansion.com\/en\/noticias\/reapertura-jysk-alfafar-1-de-febrero\/\" \/>\n<meta property=\"og:site_name\" content=\"Quick Expansi\u00f3n\" \/>\n<meta property=\"article:published_time\" content=\"2020-01-28T22:26:16+00:00\" \/>\n<meta property=\"article:modified_time\" content=\"2020-01-28T22:26:22+00:00\" \/>\n<meta property=\"og:image\" content=\"https:\/\/www.quickexpansion.com\/wp-content\/uploads\/Foto-apertura.jpg\" \/>\n\t<meta property=\"og:image:width\" content=\"709\" \/>\n\t<meta property=\"og:image:height\" content=\"531\" \/>\n<meta name=\"twitter:card\" content=\"summary\" \/>\n<meta name=\"twitter:label1\" content=\"Written by\">\n\t<meta name=\"twitter:data1\" content=\"quickexpansion\">\n\t<meta name=\"twitter:label2\" content=\"Estimated reading time\">\n\t<meta name=\"twitter:data2\" content=\"2 minutes\">\n<script type=\"application\/ld+json\" class=\"yoast-schema-graph\">{\"@context\":\"https:\/\/schema.org\",\"@graph\":[{\"@type\":\"Organization\",\"@id\":\"http:\/\/www.quickexpansion.com\/#organization\",\"name\":\"Quick Expansion\",\"url\":\"http:\/\/www.quickexpansion.com\/\",\"sameAs\":[],\"logo\":{\"@type\":\"ImageObject\",\"@id\":\"http:\/\/www.quickexpansion.com\/#logo\",\"inLanguage\":\"en-GB\",\"url\":\"https:\/\/www.quickexpansion.com\/wp-content\/uploads\/cropped-icono-sitio-quickexpansion-1.png\",\"width\":512,\"height\":512,\"caption\":\"Quick Expansion\"},\"image\":{\"@id\":\"http:\/\/www.quickexpansion.com\/#logo\"}},{\"@type\":\"WebSite\",\"@id\":\"http:\/\/www.quickexpansion.com\/#website\",\"url\":\"http:\/\/www.quickexpansion.com\/\",\"name\":\"Quick Expansi\\u00f3n\",\"description\":\"Retail and Investment services\",\"publisher\":{\"@id\":\"http:\/\/www.quickexpansion.com\/#organization\"},\"potentialAction\":[{\"@type\":\"SearchAction\",\"target\":\"http:\/\/www.quickexpansion.com\/?s={search_term_string}\",\"query-input\":\"required name=search_term_string\"}],\"inLanguage\":\"en-GB\"},{\"@type\":\"ImageObject\",\"@id\":\"https:\/\/www.quickexpansion.com\/noticias\/reapertura-jysk-alfafar-1-de-febrero\/#primaryimage\",\"inLanguage\":\"en-GB\",\"url\":\"https:\/\/www.quickexpansion.com\/wp-content\/uploads\/Foto-apertura.jpg\",\"width\":709,\"height\":531},{\"@type\":\"WebPage\",\"@id\":\"https:\/\/www.quickexpansion.com\/noticias\/reapertura-jysk-alfafar-1-de-febrero\/#webpage\",\"url\":\"https:\/\/www.quickexpansion.com\/noticias\/reapertura-jysk-alfafar-1-de-febrero\/\",\"name\":\"Reapertura JYSK Alfafar, 1 de febrero - Quick Expansi\\u00f3n\",\"isPartOf\":{\"@id\":\"http:\/\/www.quickexpansion.com\/#website\"},\"primaryImageOfPage\":{\"@id\":\"https:\/\/www.quickexpansion.com\/noticias\/reapertura-jysk-alfafar-1-de-febrero\/#primaryimage\"},\"datePublished\":\"2020-01-28T22:26:16+00:00\",\"dateModified\":\"2020-01-28T22:26:22+00:00\",\"inLanguage\":\"en-GB\",\"potentialAction\":[{\"@type\":\"ReadAction\",\"target\":[\"https:\/\/www.quickexpansion.com\/noticias\/reapertura-jysk-alfafar-1-de-febrero\/\"]}]},{\"@type\":\"Article\",\"@id\":\"https:\/\/www.quickexpansion.com\/noticias\/reapertura-jysk-alfafar-1-de-febrero\/#article\",\"isPartOf\":{\"@id\":\"https:\/\/www.quickexpansion.com\/noticias\/reapertura-jysk-alfafar-1-de-febrero\/#webpage\"},\"author\":{\"@id\":\"http:\/\/www.quickexpansion.com\/#\/schema\/person\/a77ac750c6c036244af69f7b68aa61f6\"},\"headline\":\"Reapertura JYSK Alfafar, 1 de febrero\",\"datePublished\":\"2020-01-28T22:26:16+00:00\",\"dateModified\":\"2020-01-28T22:26:22+00:00\",\"mainEntityOfPage\":{\"@id\":\"https:\/\/www.quickexpansion.com\/noticias\/reapertura-jysk-alfafar-1-de-febrero\/#webpage\"},\"commentCount\":0,\"publisher\":{\"@id\":\"http:\/\/www.quickexpansion.com\/#organization\"},\"image\":{\"@id\":\"https:\/\/www.quickexpansion.com\/noticias\/reapertura-jysk-alfafar-1-de-febrero\/#primaryimage\"},\"articleSection\":\"Noticias\",\"inLanguage\":\"en-GB\",\"potentialAction\":[{\"@type\":\"CommentAction\",\"name\":\"Comment\",\"target\":[\"https:\/\/www.quickexpansion.com\/noticias\/reapertura-jysk-alfafar-1-de-febrero\/#respond\"]}]},{\"@type\":\"Person\",\"@id\":\"http:\/\/www.quickexpansion.com\/#\/schema\/person\/a77ac750c6c036244af69f7b68aa61f6\",\"name\":\"quickexpansion\",\"image\":{\"@type\":\"ImageObject\",\"@id\":\"http:\/\/www.quickexpansion.com\/#personlogo\",\"inLanguage\":\"en-GB\",\"url\":\"https:\/\/secure.gravatar.com\/avatar\/0a90acdc5422f8c0aa7f00cb8a450934?s=96&d=mm&r=g\",\"caption\":\"quickexpansion\"}}]}<\/script>\n<!-- \/ Yoast SEO plugin. -->","jetpack_sharing_enabled":true,"jetpack_shortlink":"https:\/\/wp.me\/p7VPSv-7wq","_links":{"self":[{"href":"https:\/\/www.quickexpansion.com\/en\/wp-json\/wp\/v2\/posts\/28918"}],"collection":[{"href":"https:\/\/www.quickexpansion.com\/en\/wp-json\/wp\/v2\/posts"}],"about":[{"href":"https:\/\/www.quickexpansion.com\/en\/wp-json\/wp\/v2\/types\/post"}],"author":[{"embeddable":true,"href":"https:\/\/www.quickexpansion.com\/en\/wp-json\/wp\/v2\/users\/2"}],"replies":[{"embeddable":true,"href":"https:\/\/www.quickexpansion.com\/en\/wp-json\/wp\/v2\/comments?post=28918"}],"version-history":[{"count":1,"href":"https:\/\/www.quickexpansion.com\/en\/wp-json\/wp\/v2\/posts\/28918\/revisions"}],"predecessor-version":[{"id":28920,"href":"https:\/\/www.quickexpansion.com\/en\/wp-json\/wp\/v2\/posts\/28918\/revisions\/28920"}],"wp:featuredmedia":[{"embeddable":true,"href":"https:\/\/www.quickexpansion.com\/en\/wp-json\/wp\/v2\/media\/28919"}],"wp:attachment":[{"href":"https:\/\/www.quickexpansion.com\/en\/wp-json\/wp\/v2\/media?parent=28918"}],"wp:term":[{"taxonomy":"category","embeddable":true,"href":"https:\/\/www.quickexpansion.com\/en\/wp-json\/wp\/v2\/categories?post=28918"},{"taxonomy":"post_tag","embeddable":true,"href":"https:\/\/www.quickexpansion.com\/en\/wp-json\/wp\/v2\/tags?post=28918"}],"curies":[{"name":"wp","href":"https:\/\/api.w.org\/{rel}","templated":true}]}}