{"id":28886,"date":"2019-07-23T09:06:12","date_gmt":"2019-07-23T09:06:12","guid":{"rendered":"http:\/\/www.quickexpansion.com\/?p=28886"},"modified":"2019-07-23T09:06:18","modified_gmt":"2019-07-23T09:06:18","slug":"muerde-la-pasta-inicia-las-obras-de-su-nuevo-restaurante-en-el-parque-comercial-alfafar-parc","status":"publish","type":"post","link":"https:\/\/www.quickexpansion.com\/en\/noticias\/muerde-la-pasta-inicia-las-obras-de-su-nuevo-restaurante-en-el-parque-comercial-alfafar-parc\/","title":{"rendered":"MUERDE LA PASTA INICIA LAS OBRAS DE SU NUEVO RESTAURANTE EN EL PARQUE COMERCIAL ALFAFAR PARC"},"content":{"rendered":"<p><strong>Uno de los complejos comerciales con mayores dimensiones en Espa\u00f1a<\/strong><\/p>\n\n\n\n<div class=\"wp-block-image\"><figure class=\"alignleft\"><img src=\"http:\/\/new.alfafarparc.com\/wp-content\/uploads\/2019\/07\/Muerde-La-Pasta-Obras-Parque-Comercial-Alfafar-Parc-400x400.jpg\" alt=\"\" class=\"wp-image-1303\"\/><\/figure><\/div>\n\n\n\n<p><strong><em>Levante es una de las zonas estrat\u00e9gicas para Tastia Group, d\u00f3nde suma en total 6 establecimientos en la Comunidad Valenciana<\/em><\/strong><br><strong><em>El restaurante, que abrir\u00e1 sus puertas al p\u00fablico el pr\u00f3ximo mes de noviembre, contar\u00e1 con una superficie de m\u00e1s de 1.000 m2 y con capacidad para albergar a m\u00e1s de 400 personas<\/em><\/strong><br><strong><em>La futura apertura es especialmente representativa al tratarse de su segundo local \u201cfree standing\u201d de la cadena en Espa\u00f1a<\/em><\/strong><\/p>\n\n\n\n<p>La cadena Muerde la Pasta, ense\u00f1a l\u00edder del grupo multimarca Tastia Group, ha anunciado el inicio de las obras de un nuevo restaurante de Muerde La Pasta en el Parque Comercial Alfafar Parc en Valencia. La nueva apertura se encuentra situada en un emplazamiento clave debido a la gran oferta de restauraci\u00f3n disponible, toda repartida en una sola planta para la mayor comodidad de los clientes. Adem\u00e1s, ha contado con el asesoramiento comercial de la consultora de retail Quick Expansi\u00f3n.<br>El restaurante, que abrir\u00e1 sus puertas al p\u00fablico el pr\u00f3ximo mes de noviembre, contar\u00e1 con una superficie de m\u00e1s de 1.000 m2 y con capacidad para albergar a m\u00e1s de 400 personas. La nueva apertura es especialmente representativa, al tratarse del segundo local \u201cfree standing\u201d en la cadena, despu\u00e9s de su apertura en el C.C. Parque Oeste en Madrid. Un nuevo establecimiento, con gran formato al aire libre, donde el p\u00fablico valenciano podr\u00e1 degustar m\u00e1s de 150 recetas de la gastronom\u00eda italiana, elaboradas diariamente con ingredientes frescos y de primera calidad, bebidas, un gran surtido de postres y caf\u00e9s, a un precio cerrado y sin l\u00edmite de consumo.<br>En palabras de Juan Andr\u00e9s Bueno, director Corporativo de Expansi\u00f3n y Franquicias de Tastia Group, \u201cla Comunidad Valenciana es la regi\u00f3n que nos ha visto nacer y crecer. Volvemos a apostar por Valencia con la misma ilusi\u00f3n y ganas con las que abrimos nuestro primer restaurante en Castell\u00f3n hace 11 a\u00f1os. Estamos convencidos de que los valencianos seguir\u00e1n depositando su confianza en nosotros como han venido haciendo desde el primer d\u00eda\u201d.<\/p>\n\n\n\n<p>Levante es una de las zonas estrat\u00e9gicas para Tastia Group ya que el origen de la compa\u00f1\u00eda fue en Castell\u00f3n de la Plana, y donde adem\u00e1s suma en total 6 establecimientos en la Comunidad Valenciana. Asimismo, gracias a esta nueva apertura se generar\u00e1n m\u00e1s de 40 puestos nuevos de trabajo en la zona.<\/p>\n\n\n\n<p>Muerde la Pasta est\u00e1 consolidada como uno de los grandes operadores del sector de la restauraci\u00f3n moderna en nuestro pa\u00eds y se encuentra inmersa en un plan estrat\u00e9gico de expansi\u00f3n nacional con el objetivo de llegar a aquellas zonas claves para la restauraci\u00f3n en las que a\u00fan no tiene presencia.<br>En total, la cadena ha alcanzado los 35 restaurantes en Espa\u00f1a, y est\u00e1 inmersa en un ambicioso plan de expansi\u00f3n nacional, con el objetivo de abrir 19 nuevos establecimientos a lo largo de 2019, y alcanzar la cifra de 50 restaurantes.<\/p>\n\n\n\n<div class=\"wp-block-image\"><figure class=\"alignleft\"><img src=\"http:\/\/new.alfafarparc.com\/wp-content\/uploads\/2019\/07\/2-400x300.jpg\" alt=\"\" class=\"wp-image-1304\"\/><\/figure><\/div>\n\n\n\n<p><strong>Parque Comercial Alfafar Parc<\/strong><br>El complejo Alfafar Parc cuenta con una superficie de m\u00e1s de 220.000 m2 construidos y 80.000m2 de superficie comercial, albergando empresas como Ikea, Bauhaus, Decathlon, Electrodepot, Ofiarea, Chaussea, Burger King, Viena, Tony Romas, Biosof\u00e1s, Dormitienda, Flex, Tempur, Cocinas Schmidt, Juguetilandia, Globo Moda y Orchestra. En un plazo muy corto de tiempo abrir\u00e1n sus puertas nuevos negocios que completar\u00e1n la oferta del Parque Comercial, entre ellos, Norauto, La Piemontesa y un centro de lavado de veh\u00edculo dejando la ocupaci\u00f3n del complejo cerca del 90%.<\/p>\n\n\n\n<p><strong>Muerde la Pasta, m\u00e1s de 10 a\u00f1os de \u00e9xitos<\/strong><br>Muerde la Pasta es la mayor cadena de restaurantes \u201ctodo incluido\u201d de gastronom\u00eda italiana, perteneciente a Tastia Group. La compa\u00f1\u00eda inici\u00f3 su actividad hace 11 a\u00f1os, de la mano de dos empresarios castellonenses, propietarios del 100% de la compa\u00f1\u00eda.<br>La cadena destaca sobre todo por contar con un modelo de negocio \u00fanico, con restaurantes en los que degustar m\u00e1s de 150 recetas de la gastronom\u00eda italiana, elaboradas diariamente con ingredientes frescos y de primera calidad, bebidas, un gran surtido de postres y caf\u00e9s, todo por un precio cerrado y sin l\u00edmite de consumo.<br>Se trata de una de las marcas m\u00e1s rentables y con mayor potencial de crecimiento del sector, que recibe al a\u00f1o 5 millones de clientes, y alcanza una facturaci\u00f3n media es de 2,2 millones de euros por restaurante. La cadena cerr\u00f3 el a\u00f1o 2018 con 30 establecimientos en Espa\u00f1a, y la divisi\u00f3n de restauraci\u00f3n alcanz\u00f3 una facturaci\u00f3n de 60 millones de euros.<br>Muerde la Pasta pertenece a Tastia Group, grupo multimarca de capital 100% espa\u00f1ol, que cuenta con tres unidades de negocio: una divisi\u00f3n de restauraci\u00f3n, formada por tres marcas (Muerde la Pasta, Savoiardi y Abbiocco); Benfood, su divisi\u00f3n de alimentaci\u00f3n, con gran expertise en la fabricaci\u00f3n de productos preparados y precocinados t\u00edpicos de la gastronom\u00eda italiana, as\u00ed como otras propuestas ad hoc hechas a media para los canales de retail y horeca; y Benworks, su divisi\u00f3n especializada en soluciones de dise\u00f1o, ejecuci\u00f3n, supervisi\u00f3n y entrega de proyectos de construcci\u00f3n llave en mano de establecimientos.<br>Tastia Group alcanz\u00f3 en 2018 una facturaci\u00f3n de 80 millones de euros y cuenta con una plantilla de m\u00e1s de 1.200 empleados a nivel nacional. Recientemente, ha recibido el Premio al Mejor Desarrollo Empresarial Nacional en la edici\u00f3n 2019 de los Horeca New Business Models Awards, celebrados en el marco de HIP 2019, como el mejor grupo que ha liderado una transformaci\u00f3n remarcable en su segmento a nivel nacional a lo largo de 2018, donde fue destacado como ejemplo de transformaci\u00f3n de un restaurante en un gran grupo empresarial.<\/p>","protected":false},"excerpt":{"rendered":"<p>Uno de los complejos comerciales con mayores dimensiones en Espa\u00f1a Levante es una de las zonas estrat\u00e9gicas para Tastia Group, d\u00f3nde suma en total 6 establecimientos en la Comunidad ValencianaEl restaurante, que abrir\u00e1 sus puertas al p\u00fablico el pr\u00f3ximo mes de noviembre, contar\u00e1 con una superficie de m\u00e1s de 1.000 m2 y con capacidad para [&hellip;]<\/p>","protected":false},"author":2,"featured_media":28887,"comment_status":"open","ping_status":"open","sticky":false,"template":"","format":"standard","meta":{"spay_email":"","jetpack_publicize_message":"","jetpack_is_tweetstorm":false},"categories":[8],"tags":[],"jetpack_featured_media_url":"https:\/\/www.quickexpansion.com\/wp-content\/uploads\/Muerde-La-Pasta-Obras-Parque-Comercial-Alfafar-Parc.jpg","jetpack_publicize_connections":[],"yoast_head":"<!-- This site is optimized with the Yoast SEO plugin v15.4 - https:\/\/yoast.com\/wordpress\/plugins\/seo\/ -->\n<title>MUERDE LA PASTA INICIA LAS OBRAS DE SU NUEVO RESTAURANTE EN EL PARQUE COMERCIAL ALFAFAR PARC - Quick Expansi\u00f3n<\/title>\n<meta name=\"robots\" content=\"index, follow, max-snippet:-1, max-image-preview:large, max-video-preview:-1\" \/>\n<link rel=\"canonical\" href=\"https:\/\/www.quickexpansion.com\/en\/noticias\/muerde-la-pasta-inicia-las-obras-de-su-nuevo-restaurante-en-el-parque-comercial-alfafar-parc\/\" \/>\n<meta property=\"og:locale\" content=\"en_GB\" \/>\n<meta property=\"og:type\" content=\"article\" \/>\n<meta property=\"og:title\" content=\"MUERDE LA PASTA INICIA LAS OBRAS DE SU NUEVO RESTAURANTE EN EL PARQUE COMERCIAL ALFAFAR PARC - Quick Expansi\u00f3n\" \/>\n<meta property=\"og:description\" content=\"Uno de los complejos comerciales con mayores dimensiones en Espa\u00f1a Levante es una de las zonas estrat\u00e9gicas para Tastia Group, d\u00f3nde suma en total 6 establecimientos en la Comunidad ValencianaEl restaurante, que abrir\u00e1 sus puertas al p\u00fablico el pr\u00f3ximo mes de noviembre, contar\u00e1 con una superficie de m\u00e1s de 1.000 m2 y con capacidad para [&hellip;]\" \/>\n<meta property=\"og:url\" content=\"https:\/\/www.quickexpansion.com\/en\/noticias\/muerde-la-pasta-inicia-las-obras-de-su-nuevo-restaurante-en-el-parque-comercial-alfafar-parc\/\" \/>\n<meta property=\"og:site_name\" content=\"Quick Expansi\u00f3n\" \/>\n<meta property=\"article:published_time\" content=\"2019-07-23T09:06:12+00:00\" \/>\n<meta property=\"article:modified_time\" content=\"2019-07-23T09:06:18+00:00\" \/>\n<meta property=\"og:image\" content=\"https:\/\/www.quickexpansion.com\/wp-content\/uploads\/Muerde-La-Pasta-Obras-Parque-Comercial-Alfafar-Parc.jpg\" \/>\n\t<meta property=\"og:image:width\" content=\"1600\" \/>\n\t<meta property=\"og:image:height\" content=\"1600\" \/>\n<meta name=\"twitter:card\" content=\"summary\" \/>\n<meta name=\"twitter:label1\" content=\"Written by\">\n\t<meta name=\"twitter:data1\" content=\"quickexpansion\">\n\t<meta name=\"twitter:label2\" content=\"Estimated reading time\">\n\t<meta name=\"twitter:data2\" content=\"4 minutes\">\n<script type=\"application\/ld+json\" class=\"yoast-schema-graph\">{\"@context\":\"https:\/\/schema.org\",\"@graph\":[{\"@type\":\"Organization\",\"@id\":\"http:\/\/www.quickexpansion.com\/#organization\",\"name\":\"Quick Expansion\",\"url\":\"http:\/\/www.quickexpansion.com\/\",\"sameAs\":[],\"logo\":{\"@type\":\"ImageObject\",\"@id\":\"http:\/\/www.quickexpansion.com\/#logo\",\"inLanguage\":\"en-GB\",\"url\":\"https:\/\/www.quickexpansion.com\/wp-content\/uploads\/cropped-icono-sitio-quickexpansion-1.png\",\"width\":512,\"height\":512,\"caption\":\"Quick Expansion\"},\"image\":{\"@id\":\"http:\/\/www.quickexpansion.com\/#logo\"}},{\"@type\":\"WebSite\",\"@id\":\"http:\/\/www.quickexpansion.com\/#website\",\"url\":\"http:\/\/www.quickexpansion.com\/\",\"name\":\"Quick Expansi\\u00f3n\",\"description\":\"Retail and Investment services\",\"publisher\":{\"@id\":\"http:\/\/www.quickexpansion.com\/#organization\"},\"potentialAction\":[{\"@type\":\"SearchAction\",\"target\":\"http:\/\/www.quickexpansion.com\/?s={search_term_string}\",\"query-input\":\"required name=search_term_string\"}],\"inLanguage\":\"en-GB\"},{\"@type\":\"ImageObject\",\"@id\":\"https:\/\/www.quickexpansion.com\/en\/noticias\/muerde-la-pasta-inicia-las-obras-de-su-nuevo-restaurante-en-el-parque-comercial-alfafar-parc\/#primaryimage\",\"inLanguage\":\"en-GB\",\"url\":\"https:\/\/www.quickexpansion.com\/wp-content\/uploads\/Muerde-La-Pasta-Obras-Parque-Comercial-Alfafar-Parc.jpg\",\"width\":1600,\"height\":1600},{\"@type\":\"WebPage\",\"@id\":\"https:\/\/www.quickexpansion.com\/en\/noticias\/muerde-la-pasta-inicia-las-obras-de-su-nuevo-restaurante-en-el-parque-comercial-alfafar-parc\/#webpage\",\"url\":\"https:\/\/www.quickexpansion.com\/en\/noticias\/muerde-la-pasta-inicia-las-obras-de-su-nuevo-restaurante-en-el-parque-comercial-alfafar-parc\/\",\"name\":\"MUERDE LA PASTA INICIA LAS OBRAS DE SU NUEVO RESTAURANTE EN EL PARQUE COMERCIAL ALFAFAR PARC - Quick Expansi\\u00f3n\",\"isPartOf\":{\"@id\":\"http:\/\/www.quickexpansion.com\/#website\"},\"primaryImageOfPage\":{\"@id\":\"https:\/\/www.quickexpansion.com\/en\/noticias\/muerde-la-pasta-inicia-las-obras-de-su-nuevo-restaurante-en-el-parque-comercial-alfafar-parc\/#primaryimage\"},\"datePublished\":\"2019-07-23T09:06:12+00:00\",\"dateModified\":\"2019-07-23T09:06:18+00:00\",\"inLanguage\":\"en-GB\",\"potentialAction\":[{\"@type\":\"ReadAction\",\"target\":[\"https:\/\/www.quickexpansion.com\/en\/noticias\/muerde-la-pasta-inicia-las-obras-de-su-nuevo-restaurante-en-el-parque-comercial-alfafar-parc\/\"]}]},{\"@type\":\"Article\",\"@id\":\"https:\/\/www.quickexpansion.com\/en\/noticias\/muerde-la-pasta-inicia-las-obras-de-su-nuevo-restaurante-en-el-parque-comercial-alfafar-parc\/#article\",\"isPartOf\":{\"@id\":\"https:\/\/www.quickexpansion.com\/en\/noticias\/muerde-la-pasta-inicia-las-obras-de-su-nuevo-restaurante-en-el-parque-comercial-alfafar-parc\/#webpage\"},\"author\":{\"@id\":\"http:\/\/www.quickexpansion.com\/#\/schema\/person\/a77ac750c6c036244af69f7b68aa61f6\"},\"headline\":\"MUERDE LA PASTA INICIA LAS OBRAS DE SU NUEVO RESTAURANTE EN EL PARQUE COMERCIAL ALFAFAR PARC\",\"datePublished\":\"2019-07-23T09:06:12+00:00\",\"dateModified\":\"2019-07-23T09:06:18+00:00\",\"mainEntityOfPage\":{\"@id\":\"https:\/\/www.quickexpansion.com\/en\/noticias\/muerde-la-pasta-inicia-las-obras-de-su-nuevo-restaurante-en-el-parque-comercial-alfafar-parc\/#webpage\"},\"commentCount\":0,\"publisher\":{\"@id\":\"http:\/\/www.quickexpansion.com\/#organization\"},\"image\":{\"@id\":\"https:\/\/www.quickexpansion.com\/en\/noticias\/muerde-la-pasta-inicia-las-obras-de-su-nuevo-restaurante-en-el-parque-comercial-alfafar-parc\/#primaryimage\"},\"articleSection\":\"Noticias\",\"inLanguage\":\"en-GB\",\"potentialAction\":[{\"@type\":\"CommentAction\",\"name\":\"Comment\",\"target\":[\"https:\/\/www.quickexpansion.com\/en\/noticias\/muerde-la-pasta-inicia-las-obras-de-su-nuevo-restaurante-en-el-parque-comercial-alfafar-parc\/#respond\"]}]},{\"@type\":\"Person\",\"@id\":\"http:\/\/www.quickexpansion.com\/#\/schema\/person\/a77ac750c6c036244af69f7b68aa61f6\",\"name\":\"quickexpansion\",\"image\":{\"@type\":\"ImageObject\",\"@id\":\"http:\/\/www.quickexpansion.com\/#personlogo\",\"inLanguage\":\"en-GB\",\"url\":\"https:\/\/secure.gravatar.com\/avatar\/0a90acdc5422f8c0aa7f00cb8a450934?s=96&d=mm&r=g\",\"caption\":\"quickexpansion\"}}]}<\/script>\n<!-- \/ Yoast SEO plugin. -->","jetpack_sharing_enabled":true,"jetpack_shortlink":"https:\/\/wp.me\/p7VPSv-7vU","_links":{"self":[{"href":"https:\/\/www.quickexpansion.com\/en\/wp-json\/wp\/v2\/posts\/28886"}],"collection":[{"href":"https:\/\/www.quickexpansion.com\/en\/wp-json\/wp\/v2\/posts"}],"about":[{"href":"https:\/\/www.quickexpansion.com\/en\/wp-json\/wp\/v2\/types\/post"}],"author":[{"embeddable":true,"href":"https:\/\/www.quickexpansion.com\/en\/wp-json\/wp\/v2\/users\/2"}],"replies":[{"embeddable":true,"href":"https:\/\/www.quickexpansion.com\/en\/wp-json\/wp\/v2\/comments?post=28886"}],"version-history":[{"count":1,"href":"https:\/\/www.quickexpansion.com\/en\/wp-json\/wp\/v2\/posts\/28886\/revisions"}],"predecessor-version":[{"id":28888,"href":"https:\/\/www.quickexpansion.com\/en\/wp-json\/wp\/v2\/posts\/28886\/revisions\/28888"}],"wp:featuredmedia":[{"embeddable":true,"href":"https:\/\/www.quickexpansion.com\/en\/wp-json\/wp\/v2\/media\/28887"}],"wp:attachment":[{"href":"https:\/\/www.quickexpansion.com\/en\/wp-json\/wp\/v2\/media?parent=28886"}],"wp:term":[{"taxonomy":"category","embeddable":true,"href":"https:\/\/www.quickexpansion.com\/en\/wp-json\/wp\/v2\/categories?post=28886"},{"taxonomy":"post_tag","embeddable":true,"href":"https:\/\/www.quickexpansion.com\/en\/wp-json\/wp\/v2\/tags?post=28886"}],"curies":[{"name":"wp","href":"https:\/\/api.w.org\/{rel}","templated":true}]}}