{"id":28880,"date":"2019-07-01T17:15:50","date_gmt":"2019-07-01T17:15:50","guid":{"rendered":"http:\/\/www.quickexpansion.com\/?p=28880"},"modified":"2019-07-01T17:15:55","modified_gmt":"2019-07-01T17:15:55","slug":"fernando-de-souza-se-incorpora-a-quick-expansion","status":"publish","type":"post","link":"https:\/\/www.quickexpansion.com\/en\/noticias\/fernando-de-souza-se-incorpora-a-quick-expansion\/","title":{"rendered":"Fernando de Souza se incorpora a Quick Expansi\u00f3n"},"content":{"rendered":"<figure class=\"wp-block-image is-resized\"><img loading=\"lazy\" src=\"http:\/\/www.quickexpansion.com\/wp-content\/uploads\/fernando-1024x1024.jpeg\" alt=\"\" class=\"wp-image-28881\" width=\"247\" height=\"247\" srcset=\"https:\/\/www.quickexpansion.com\/wp-content\/uploads\/fernando-1024x1024.jpeg 1024w, https:\/\/www.quickexpansion.com\/wp-content\/uploads\/fernando-150x150.jpeg 150w, https:\/\/www.quickexpansion.com\/wp-content\/uploads\/fernando-300x300.jpeg 300w, https:\/\/www.quickexpansion.com\/wp-content\/uploads\/fernando-768x768.jpeg 768w, https:\/\/www.quickexpansion.com\/wp-content\/uploads\/fernando-1080x1080.jpeg 1080w, https:\/\/www.quickexpansion.com\/wp-content\/uploads\/fernando.jpeg 1200w\" sizes=\"(max-width: 247px) 100vw, 247px\" \/><\/figure>\n\n\n\n<p> Fernando de Souza se ha incorporado al equipo de Quick Expansi\u00f3n, con el objetivo de reforzar el \u00e1rea de Comercializaci\u00f3n de Parques de Medianas y Retail.\u00a0<br>Licenciado en Derecho,\u00a0 ha realizado el\u00a0\u00a0PDG. por la Universidad Europea de Madrid y Entrepreneurship Program. Babson College en Boston (EEUU). <br>Fernando ha desarrollado gran parte de su carrera profesional en Lidl como Jefe de Expansi\u00f3n y aportar\u00e1 su experiencia adicionalmente en el \u00e1rea de Inversi\u00f3n.<br>Con dicha incorporaci\u00f3n Quick Expansi\u00f3n consolida su equipo de desarrollo a trav\u00e9s de sus oficinas en Madrid, Barcelona , Valencia y Sevilla . <\/p>","protected":false},"excerpt":{"rendered":"<p>Fernando de Souza se ha incorporado al equipo de Quick Expansi\u00f3n, con el objetivo de reforzar el \u00e1rea de Comercializaci\u00f3n de Parques de Medianas y Retail.\u00a0Licenciado en Derecho,\u00a0 ha realizado el\u00a0\u00a0PDG. por la Universidad Europea de Madrid y Entrepreneurship Program. Babson College en Boston (EEUU). Fernando ha desarrollado gran parte de su carrera profesional en [&hellip;]<\/p>","protected":false},"author":2,"featured_media":28881,"comment_status":"open","ping_status":"open","sticky":false,"template":"","format":"standard","meta":{"spay_email":"","jetpack_publicize_message":"","jetpack_is_tweetstorm":false},"categories":[8],"tags":[],"jetpack_featured_media_url":"https:\/\/www.quickexpansion.com\/wp-content\/uploads\/fernando.jpeg","jetpack_publicize_connections":[],"yoast_head":"<!-- This site is optimized with the Yoast SEO plugin v15.4 - https:\/\/yoast.com\/wordpress\/plugins\/seo\/ -->\n<title>Fernando de Souza se incorpora a Quick Expansi\u00f3n - Quick Expansi\u00f3n<\/title>\n<meta name=\"description\" content=\"Fernando de Souza se ha incorporado al equipo de Quick Expansi\u00f3n, con el objetivo de reforzar el \u00e1rea de Comercializaci\u00f3n de Parques de Medianas y Retail.\" \/>\n<meta name=\"robots\" content=\"index, follow, max-snippet:-1, max-image-preview:large, max-video-preview:-1\" \/>\n<link rel=\"canonical\" href=\"https:\/\/www.quickexpansion.com\/en\/noticias\/fernando-de-souza-se-incorpora-a-quick-expansion\/\" \/>\n<meta property=\"og:locale\" content=\"en_GB\" \/>\n<meta property=\"og:type\" content=\"article\" \/>\n<meta property=\"og:title\" content=\"Fernando de Souza se incorpora a Quick Expansi\u00f3n - Quick Expansi\u00f3n\" \/>\n<meta property=\"og:description\" content=\"Fernando de Souza se ha incorporado al equipo de Quick Expansi\u00f3n, con el objetivo de reforzar el \u00e1rea de Comercializaci\u00f3n de Parques de Medianas y Retail.\" \/>\n<meta property=\"og:url\" content=\"https:\/\/www.quickexpansion.com\/en\/noticias\/fernando-de-souza-se-incorpora-a-quick-expansion\/\" \/>\n<meta property=\"og:site_name\" content=\"Quick Expansi\u00f3n\" \/>\n<meta property=\"article:published_time\" content=\"2019-07-01T17:15:50+00:00\" \/>\n<meta property=\"article:modified_time\" content=\"2019-07-01T17:15:55+00:00\" \/>\n<meta property=\"og:image\" content=\"https:\/\/www.quickexpansion.com\/wp-content\/uploads\/fernando.jpeg\" \/>\n\t<meta property=\"og:image:width\" content=\"1200\" \/>\n\t<meta property=\"og:image:height\" content=\"1200\" \/>\n<meta name=\"twitter:card\" content=\"summary\" \/>\n<meta name=\"twitter:label1\" content=\"Written by\">\n\t<meta name=\"twitter:data1\" content=\"quickexpansion\">\n\t<meta name=\"twitter:label2\" content=\"Estimated reading time\">\n\t<meta name=\"twitter:data2\" content=\"0 minutes\">\n<script type=\"application\/ld+json\" class=\"yoast-schema-graph\">{\"@context\":\"https:\/\/schema.org\",\"@graph\":[{\"@type\":\"Organization\",\"@id\":\"http:\/\/www.quickexpansion.com\/#organization\",\"name\":\"Quick Expansion\",\"url\":\"http:\/\/www.quickexpansion.com\/\",\"sameAs\":[],\"logo\":{\"@type\":\"ImageObject\",\"@id\":\"http:\/\/www.quickexpansion.com\/#logo\",\"inLanguage\":\"en-GB\",\"url\":\"https:\/\/www.quickexpansion.com\/wp-content\/uploads\/cropped-icono-sitio-quickexpansion-1.png\",\"width\":512,\"height\":512,\"caption\":\"Quick Expansion\"},\"image\":{\"@id\":\"http:\/\/www.quickexpansion.com\/#logo\"}},{\"@type\":\"WebSite\",\"@id\":\"http:\/\/www.quickexpansion.com\/#website\",\"url\":\"http:\/\/www.quickexpansion.com\/\",\"name\":\"Quick Expansi\\u00f3n\",\"description\":\"Retail and Investment services\",\"publisher\":{\"@id\":\"http:\/\/www.quickexpansion.com\/#organization\"},\"potentialAction\":[{\"@type\":\"SearchAction\",\"target\":\"http:\/\/www.quickexpansion.com\/?s={search_term_string}\",\"query-input\":\"required name=search_term_string\"}],\"inLanguage\":\"en-GB\"},{\"@type\":\"ImageObject\",\"@id\":\"https:\/\/www.quickexpansion.com\/noticias\/fernando-de-souza-se-incorpora-a-quick-expansion\/#primaryimage\",\"inLanguage\":\"en-GB\",\"url\":\"https:\/\/www.quickexpansion.com\/wp-content\/uploads\/fernando.jpeg\",\"width\":1200,\"height\":1200},{\"@type\":\"WebPage\",\"@id\":\"https:\/\/www.quickexpansion.com\/noticias\/fernando-de-souza-se-incorpora-a-quick-expansion\/#webpage\",\"url\":\"https:\/\/www.quickexpansion.com\/noticias\/fernando-de-souza-se-incorpora-a-quick-expansion\/\",\"name\":\"Fernando de Souza se incorpora a Quick Expansi\\u00f3n - Quick Expansi\\u00f3n\",\"isPartOf\":{\"@id\":\"http:\/\/www.quickexpansion.com\/#website\"},\"primaryImageOfPage\":{\"@id\":\"https:\/\/www.quickexpansion.com\/noticias\/fernando-de-souza-se-incorpora-a-quick-expansion\/#primaryimage\"},\"datePublished\":\"2019-07-01T17:15:50+00:00\",\"dateModified\":\"2019-07-01T17:15:55+00:00\",\"description\":\"Fernando de Souza se ha incorporado al equipo de Quick Expansi\\u00f3n, con el objetivo de reforzar el \\u00e1rea de Comercializaci\\u00f3n de Parques de Medianas y Retail.\",\"inLanguage\":\"en-GB\",\"potentialAction\":[{\"@type\":\"ReadAction\",\"target\":[\"https:\/\/www.quickexpansion.com\/noticias\/fernando-de-souza-se-incorpora-a-quick-expansion\/\"]}]},{\"@type\":\"Article\",\"@id\":\"https:\/\/www.quickexpansion.com\/noticias\/fernando-de-souza-se-incorpora-a-quick-expansion\/#article\",\"isPartOf\":{\"@id\":\"https:\/\/www.quickexpansion.com\/noticias\/fernando-de-souza-se-incorpora-a-quick-expansion\/#webpage\"},\"author\":{\"@id\":\"http:\/\/www.quickexpansion.com\/#\/schema\/person\/a77ac750c6c036244af69f7b68aa61f6\"},\"headline\":\"Fernando de Souza se incorpora a Quick Expansi\\u00f3n\",\"datePublished\":\"2019-07-01T17:15:50+00:00\",\"dateModified\":\"2019-07-01T17:15:55+00:00\",\"mainEntityOfPage\":{\"@id\":\"https:\/\/www.quickexpansion.com\/noticias\/fernando-de-souza-se-incorpora-a-quick-expansion\/#webpage\"},\"commentCount\":0,\"publisher\":{\"@id\":\"http:\/\/www.quickexpansion.com\/#organization\"},\"image\":{\"@id\":\"https:\/\/www.quickexpansion.com\/noticias\/fernando-de-souza-se-incorpora-a-quick-expansion\/#primaryimage\"},\"articleSection\":\"Noticias\",\"inLanguage\":\"en-GB\",\"potentialAction\":[{\"@type\":\"CommentAction\",\"name\":\"Comment\",\"target\":[\"https:\/\/www.quickexpansion.com\/noticias\/fernando-de-souza-se-incorpora-a-quick-expansion\/#respond\"]}]},{\"@type\":\"Person\",\"@id\":\"http:\/\/www.quickexpansion.com\/#\/schema\/person\/a77ac750c6c036244af69f7b68aa61f6\",\"name\":\"quickexpansion\",\"image\":{\"@type\":\"ImageObject\",\"@id\":\"http:\/\/www.quickexpansion.com\/#personlogo\",\"inLanguage\":\"en-GB\",\"url\":\"https:\/\/secure.gravatar.com\/avatar\/0a90acdc5422f8c0aa7f00cb8a450934?s=96&d=mm&r=g\",\"caption\":\"quickexpansion\"}}]}<\/script>\n<!-- \/ Yoast SEO plugin. -->","jetpack_sharing_enabled":true,"jetpack_shortlink":"https:\/\/wp.me\/p7VPSv-7vO","_links":{"self":[{"href":"https:\/\/www.quickexpansion.com\/en\/wp-json\/wp\/v2\/posts\/28880"}],"collection":[{"href":"https:\/\/www.quickexpansion.com\/en\/wp-json\/wp\/v2\/posts"}],"about":[{"href":"https:\/\/www.quickexpansion.com\/en\/wp-json\/wp\/v2\/types\/post"}],"author":[{"embeddable":true,"href":"https:\/\/www.quickexpansion.com\/en\/wp-json\/wp\/v2\/users\/2"}],"replies":[{"embeddable":true,"href":"https:\/\/www.quickexpansion.com\/en\/wp-json\/wp\/v2\/comments?post=28880"}],"version-history":[{"count":2,"href":"https:\/\/www.quickexpansion.com\/en\/wp-json\/wp\/v2\/posts\/28880\/revisions"}],"predecessor-version":[{"id":28884,"href":"https:\/\/www.quickexpansion.com\/en\/wp-json\/wp\/v2\/posts\/28880\/revisions\/28884"}],"wp:featuredmedia":[{"embeddable":true,"href":"https:\/\/www.quickexpansion.com\/en\/wp-json\/wp\/v2\/media\/28881"}],"wp:attachment":[{"href":"https:\/\/www.quickexpansion.com\/en\/wp-json\/wp\/v2\/media?parent=28880"}],"wp:term":[{"taxonomy":"category","embeddable":true,"href":"https:\/\/www.quickexpansion.com\/en\/wp-json\/wp\/v2\/categories?post=28880"},{"taxonomy":"post_tag","embeddable":true,"href":"https:\/\/www.quickexpansion.com\/en\/wp-json\/wp\/v2\/tags?post=28880"}],"curies":[{"name":"wp","href":"https:\/\/api.w.org\/{rel}","templated":true}]}}