{"id":28873,"date":"2019-03-13T13:23:25","date_gmt":"2019-03-13T13:23:25","guid":{"rendered":"http:\/\/www.quickexpansion.com\/?p=28873"},"modified":"2019-03-13T13:24:33","modified_gmt":"2019-03-13T13:24:33","slug":"orchestra-la-tienda-mas-grande-de-puericultura-y-ropa-infantil-de-la-comunidad-valenciana-abre-sus-puertas-en-alfafar-parc","status":"publish","type":"post","link":"https:\/\/www.quickexpansion.com\/en\/noticias\/orchestra-la-tienda-mas-grande-de-puericultura-y-ropa-infantil-de-la-comunidad-valenciana-abre-sus-puertas-en-alfafar-parc\/","title":{"rendered":"Orchestra, la tienda m\u00e1s grande de puericultura y ropa infantil de la Comunidad Valenciana abre sus puertas en Alfafar Parc"},"content":{"rendered":"<h1><\/h1>\n\n\n\n<p>Orchestra contin\u00faa su expansi\u00f3n, inaugurando nuevos puntos de venta. Esta vez le toca al Complejo Comercial Alfafar Parc con apertura de la tienda m\u00e1s grande de puericultura y ropa infantil de la Comunidad Valenciana.<\/p>\n\n\n\n<p>La tienda, con una superficie superior a 2500m2, ha sido comercializada por Quick Expansi\u00f3n, compa\u00f1\u00eda dedicada a la Consultor\u00eda de Retail e Inversi\u00f3n inmobiliaria, y actual gestora del parque comercial.<\/p>\n\n\n\n<p>En esta nueva tienda de Orchestra, los clientes podr\u00e1n encontrar las \u00faltimas tendencias en moda infantil para ni\u00f1os de entre 0 y 14 a\u00f1os, as\u00ed como la oportunidad de comprar el dise\u00f1o m\u00e1s exclusivo a unos precios de esc\u00e1ndalo.<\/p>\n\n\n\n<p>Entre las novedades cabe destacar que disponen de una amplia zona de sillitas de auto, donde podr\u00e1s probarlas en un veh\u00edculo de exposici\u00f3n, as\u00ed como una zona para confeccionar listas de nacimiento, y una zona de juegos infantiles para que los m\u00e1s peque\u00f1os se diviertas mientras realizas tus compras.<\/p>\n\n\n\n<p>Recordamos que el complejo Alfafar Parc, situado junto al primer centro Ikea de la Comunidad Valenciana, cuenta con una superficie alquilable de unos 96.000 m2, siendo uno de los parques comerciales m\u00e1s grandes de Espa\u00f1a.<\/p>\n\n\n\n<figure class=\"wp-block-image\"><img loading=\"lazy\" width=\"1024\" height=\"576\" src=\"http:\/\/www.quickexpansion.com\/wp-content\/uploads\/d0fc04e3-a388-44d9-8a48-f018b13ddc46-1024x576.jpg\" alt=\"\" class=\"wp-image-28875\" srcset=\"https:\/\/www.quickexpansion.com\/wp-content\/uploads\/d0fc04e3-a388-44d9-8a48-f018b13ddc46.jpg 1024w, https:\/\/www.quickexpansion.com\/wp-content\/uploads\/d0fc04e3-a388-44d9-8a48-f018b13ddc46-300x169.jpg 300w, https:\/\/www.quickexpansion.com\/wp-content\/uploads\/d0fc04e3-a388-44d9-8a48-f018b13ddc46-768x432.jpg 768w\" sizes=\"(max-width: 1024px) 100vw, 1024px\" \/><\/figure>","protected":false},"excerpt":{"rendered":"<p>Orchestra contin\u00faa su expansi\u00f3n, inaugurando nuevos puntos de venta. Esta vez le toca al Complejo Comercial Alfafar Parc con apertura de la tienda m\u00e1s grande de puericultura y ropa infantil de la Comunidad Valenciana. La tienda, con una superficie superior a 2500m2, ha sido comercializada por Quick Expansi\u00f3n, compa\u00f1\u00eda dedicada a la Consultor\u00eda de Retail [&hellip;]<\/p>","protected":false},"author":2,"featured_media":28874,"comment_status":"open","ping_status":"open","sticky":false,"template":"","format":"standard","meta":{"spay_email":"","jetpack_publicize_message":"","jetpack_is_tweetstorm":false},"categories":[8],"tags":[],"jetpack_featured_media_url":"https:\/\/www.quickexpansion.com\/wp-content\/uploads\/9c7fb804-9152-4649-85c7-6780ed1c3c4d.jpg","jetpack_publicize_connections":[],"yoast_head":"<!-- This site is optimized with the Yoast SEO plugin v15.4 - https:\/\/yoast.com\/wordpress\/plugins\/seo\/ -->\n<title>Orchestra, la tienda m\u00e1s grande de puericultura y ropa infantil de la Comunidad Valenciana abre sus puertas en Alfafar Parc - Quick Expansi\u00f3n<\/title>\n<meta name=\"description\" content=\"Orchestra contin\u00faa su expansi\u00f3n, inaugurando nuevos puntos de venta. Esta vez le toca al Complejo Comercial Alfafar Parc con apertura de la tienda m\u00e1s grande de puericultura y ropa infantil de la Comunidad Valenciana.\" \/>\n<meta name=\"robots\" content=\"index, follow, max-snippet:-1, max-image-preview:large, max-video-preview:-1\" \/>\n<link rel=\"canonical\" href=\"https:\/\/www.quickexpansion.com\/en\/noticias\/orchestra-la-tienda-mas-grande-de-puericultura-y-ropa-infantil-de-la-comunidad-valenciana-abre-sus-puertas-en-alfafar-parc\/\" \/>\n<meta property=\"og:locale\" content=\"en_GB\" \/>\n<meta property=\"og:type\" content=\"article\" \/>\n<meta property=\"og:title\" content=\"Orchestra, la tienda m\u00e1s grande de puericultura y ropa infantil de la Comunidad Valenciana abre sus puertas en Alfafar Parc - Quick Expansi\u00f3n\" \/>\n<meta property=\"og:description\" content=\"Orchestra contin\u00faa su expansi\u00f3n, inaugurando nuevos puntos de venta. Esta vez le toca al Complejo Comercial Alfafar Parc con apertura de la tienda m\u00e1s grande de puericultura y ropa infantil de la Comunidad Valenciana.\" \/>\n<meta property=\"og:url\" content=\"https:\/\/www.quickexpansion.com\/en\/noticias\/orchestra-la-tienda-mas-grande-de-puericultura-y-ropa-infantil-de-la-comunidad-valenciana-abre-sus-puertas-en-alfafar-parc\/\" \/>\n<meta property=\"og:site_name\" content=\"Quick Expansi\u00f3n\" \/>\n<meta property=\"article:published_time\" content=\"2019-03-13T13:23:25+00:00\" \/>\n<meta property=\"article:modified_time\" content=\"2019-03-13T13:24:33+00:00\" \/>\n<meta property=\"og:image\" content=\"https:\/\/www.quickexpansion.com\/wp-content\/uploads\/9c7fb804-9152-4649-85c7-6780ed1c3c4d.jpg\" \/>\n\t<meta property=\"og:image:width\" content=\"1024\" \/>\n\t<meta property=\"og:image:height\" content=\"768\" \/>\n<meta name=\"twitter:card\" content=\"summary\" \/>\n<meta name=\"twitter:label1\" content=\"Written by\">\n\t<meta name=\"twitter:data1\" content=\"quickexpansion\">\n\t<meta name=\"twitter:label2\" content=\"Estimated reading time\">\n\t<meta name=\"twitter:data2\" content=\"1 minute\">\n<script type=\"application\/ld+json\" class=\"yoast-schema-graph\">{\"@context\":\"https:\/\/schema.org\",\"@graph\":[{\"@type\":\"Organization\",\"@id\":\"http:\/\/www.quickexpansion.com\/#organization\",\"name\":\"Quick Expansion\",\"url\":\"http:\/\/www.quickexpansion.com\/\",\"sameAs\":[],\"logo\":{\"@type\":\"ImageObject\",\"@id\":\"http:\/\/www.quickexpansion.com\/#logo\",\"inLanguage\":\"en-GB\",\"url\":\"https:\/\/www.quickexpansion.com\/wp-content\/uploads\/cropped-icono-sitio-quickexpansion-1.png\",\"width\":512,\"height\":512,\"caption\":\"Quick Expansion\"},\"image\":{\"@id\":\"http:\/\/www.quickexpansion.com\/#logo\"}},{\"@type\":\"WebSite\",\"@id\":\"http:\/\/www.quickexpansion.com\/#website\",\"url\":\"http:\/\/www.quickexpansion.com\/\",\"name\":\"Quick Expansi\\u00f3n\",\"description\":\"Retail and Investment services\",\"publisher\":{\"@id\":\"http:\/\/www.quickexpansion.com\/#organization\"},\"potentialAction\":[{\"@type\":\"SearchAction\",\"target\":\"http:\/\/www.quickexpansion.com\/?s={search_term_string}\",\"query-input\":\"required name=search_term_string\"}],\"inLanguage\":\"en-GB\"},{\"@type\":\"ImageObject\",\"@id\":\"https:\/\/www.quickexpansion.com\/en\/noticias\/orchestra-la-tienda-mas-grande-de-puericultura-y-ropa-infantil-de-la-comunidad-valenciana-abre-sus-puertas-en-alfafar-parc\/#primaryimage\",\"inLanguage\":\"en-GB\",\"url\":\"https:\/\/www.quickexpansion.com\/wp-content\/uploads\/9c7fb804-9152-4649-85c7-6780ed1c3c4d.jpg\",\"width\":1024,\"height\":768},{\"@type\":\"WebPage\",\"@id\":\"https:\/\/www.quickexpansion.com\/en\/noticias\/orchestra-la-tienda-mas-grande-de-puericultura-y-ropa-infantil-de-la-comunidad-valenciana-abre-sus-puertas-en-alfafar-parc\/#webpage\",\"url\":\"https:\/\/www.quickexpansion.com\/en\/noticias\/orchestra-la-tienda-mas-grande-de-puericultura-y-ropa-infantil-de-la-comunidad-valenciana-abre-sus-puertas-en-alfafar-parc\/\",\"name\":\"Orchestra, la tienda m\\u00e1s grande de puericultura y ropa infantil de la Comunidad Valenciana abre sus puertas en Alfafar Parc - Quick Expansi\\u00f3n\",\"isPartOf\":{\"@id\":\"http:\/\/www.quickexpansion.com\/#website\"},\"primaryImageOfPage\":{\"@id\":\"https:\/\/www.quickexpansion.com\/en\/noticias\/orchestra-la-tienda-mas-grande-de-puericultura-y-ropa-infantil-de-la-comunidad-valenciana-abre-sus-puertas-en-alfafar-parc\/#primaryimage\"},\"datePublished\":\"2019-03-13T13:23:25+00:00\",\"dateModified\":\"2019-03-13T13:24:33+00:00\",\"description\":\"Orchestra contin\\u00faa su expansi\\u00f3n, inaugurando nuevos puntos de venta. Esta vez le toca al Complejo Comercial Alfafar Parc con apertura de la tienda m\\u00e1s grande de puericultura y ropa infantil de la Comunidad Valenciana.\",\"inLanguage\":\"en-GB\",\"potentialAction\":[{\"@type\":\"ReadAction\",\"target\":[\"https:\/\/www.quickexpansion.com\/en\/noticias\/orchestra-la-tienda-mas-grande-de-puericultura-y-ropa-infantil-de-la-comunidad-valenciana-abre-sus-puertas-en-alfafar-parc\/\"]}]},{\"@type\":\"Article\",\"@id\":\"https:\/\/www.quickexpansion.com\/en\/noticias\/orchestra-la-tienda-mas-grande-de-puericultura-y-ropa-infantil-de-la-comunidad-valenciana-abre-sus-puertas-en-alfafar-parc\/#article\",\"isPartOf\":{\"@id\":\"https:\/\/www.quickexpansion.com\/en\/noticias\/orchestra-la-tienda-mas-grande-de-puericultura-y-ropa-infantil-de-la-comunidad-valenciana-abre-sus-puertas-en-alfafar-parc\/#webpage\"},\"author\":{\"@id\":\"http:\/\/www.quickexpansion.com\/#\/schema\/person\/a77ac750c6c036244af69f7b68aa61f6\"},\"headline\":\"Orchestra, la tienda m\\u00e1s grande de puericultura y ropa infantil de la Comunidad Valenciana abre sus puertas en Alfafar Parc\",\"datePublished\":\"2019-03-13T13:23:25+00:00\",\"dateModified\":\"2019-03-13T13:24:33+00:00\",\"mainEntityOfPage\":{\"@id\":\"https:\/\/www.quickexpansion.com\/en\/noticias\/orchestra-la-tienda-mas-grande-de-puericultura-y-ropa-infantil-de-la-comunidad-valenciana-abre-sus-puertas-en-alfafar-parc\/#webpage\"},\"commentCount\":0,\"publisher\":{\"@id\":\"http:\/\/www.quickexpansion.com\/#organization\"},\"image\":{\"@id\":\"https:\/\/www.quickexpansion.com\/en\/noticias\/orchestra-la-tienda-mas-grande-de-puericultura-y-ropa-infantil-de-la-comunidad-valenciana-abre-sus-puertas-en-alfafar-parc\/#primaryimage\"},\"articleSection\":\"Noticias\",\"inLanguage\":\"en-GB\",\"potentialAction\":[{\"@type\":\"CommentAction\",\"name\":\"Comment\",\"target\":[\"https:\/\/www.quickexpansion.com\/en\/noticias\/orchestra-la-tienda-mas-grande-de-puericultura-y-ropa-infantil-de-la-comunidad-valenciana-abre-sus-puertas-en-alfafar-parc\/#respond\"]}]},{\"@type\":\"Person\",\"@id\":\"http:\/\/www.quickexpansion.com\/#\/schema\/person\/a77ac750c6c036244af69f7b68aa61f6\",\"name\":\"quickexpansion\",\"image\":{\"@type\":\"ImageObject\",\"@id\":\"http:\/\/www.quickexpansion.com\/#personlogo\",\"inLanguage\":\"en-GB\",\"url\":\"https:\/\/secure.gravatar.com\/avatar\/0a90acdc5422f8c0aa7f00cb8a450934?s=96&d=mm&r=g\",\"caption\":\"quickexpansion\"}}]}<\/script>\n<!-- \/ Yoast SEO plugin. -->","jetpack_sharing_enabled":true,"jetpack_shortlink":"https:\/\/wp.me\/p7VPSv-7vH","_links":{"self":[{"href":"https:\/\/www.quickexpansion.com\/en\/wp-json\/wp\/v2\/posts\/28873"}],"collection":[{"href":"https:\/\/www.quickexpansion.com\/en\/wp-json\/wp\/v2\/posts"}],"about":[{"href":"https:\/\/www.quickexpansion.com\/en\/wp-json\/wp\/v2\/types\/post"}],"author":[{"embeddable":true,"href":"https:\/\/www.quickexpansion.com\/en\/wp-json\/wp\/v2\/users\/2"}],"replies":[{"embeddable":true,"href":"https:\/\/www.quickexpansion.com\/en\/wp-json\/wp\/v2\/comments?post=28873"}],"version-history":[{"count":1,"href":"https:\/\/www.quickexpansion.com\/en\/wp-json\/wp\/v2\/posts\/28873\/revisions"}],"predecessor-version":[{"id":28876,"href":"https:\/\/www.quickexpansion.com\/en\/wp-json\/wp\/v2\/posts\/28873\/revisions\/28876"}],"wp:featuredmedia":[{"embeddable":true,"href":"https:\/\/www.quickexpansion.com\/en\/wp-json\/wp\/v2\/media\/28874"}],"wp:attachment":[{"href":"https:\/\/www.quickexpansion.com\/en\/wp-json\/wp\/v2\/media?parent=28873"}],"wp:term":[{"taxonomy":"category","embeddable":true,"href":"https:\/\/www.quickexpansion.com\/en\/wp-json\/wp\/v2\/categories?post=28873"},{"taxonomy":"post_tag","embeddable":true,"href":"https:\/\/www.quickexpansion.com\/en\/wp-json\/wp\/v2\/tags?post=28873"}],"curies":[{"name":"wp","href":"https:\/\/api.w.org\/{rel}","templated":true}]}}