{"id":28833,"date":"2018-11-29T01:04:05","date_gmt":"2018-11-29T01:04:05","guid":{"rendered":"http:\/\/www.quickexpansion.com\/?p=28833"},"modified":"2018-11-29T01:14:04","modified_gmt":"2018-11-29T01:14:04","slug":"inaugurada-la-fase-1-del-centro-comercial-portalloret","status":"publish","type":"post","link":"https:\/\/www.quickexpansion.com\/en\/noticias\/inaugurada-la-fase-1-del-centro-comercial-portalloret\/","title":{"rendered":"Inaugurada la fase 1 del Centro Comercial Portalloret"},"content":{"rendered":"<p><strong>INAUGURACI\u00d3N PORTA LORET 27 NOVIEMBRE 2018<\/strong><\/p>\n<p>Ayer por la tarde qued\u00f3 inaugurada la fase 1 del Centro Comercial Portalloret, promovido por GESDIP (Grup BonPreu) y NOVALLORET<\/p>\n<p>El acto tuvo car\u00e1cter privado donde asisti\u00f3 el Excelent\u00edsimo Se\u00f1or alcalde de Lloret y unas 300 personas entre colaboradores, proveedores y personal de las dos empresas que hoy abren las puertas al p\u00fablico. El Alcalde inaugur\u00f3 el Centro descubriendo una placa conmemorativa y haciendo un recorrido interno en la tienda de Worten con sus responsables y despu\u00e9s, atravesando un \u201cpasillo de honor\u201d hecho por los empleados del Hipermercado ESxclat la comitiva se dirigi\u00f3 a cortar la cinta de este establecimiento donde posteriormente se realizaron los parlamentos a cargo del Sr Joan Font ( Grup BonPreu) i del Excelent\u00edsimo Sr Alcalde Joan Dulsat.<\/p>\n<p>Un pica pica servido entre los lineales totalmente surtidos de productos del Hipermercado sirvi\u00f3 para acompa\u00f1ar el brindis por el \u00e9xito de este nuevo equipamiento comercial que seguir\u00e1 ampliando su oferta los pr\u00f3ximos d\u00edas con la apertura de DRIM y MASKOKOTAS<\/p>\n<p>La segunda fase, en comercializaci\u00f3n por QUICK EXPANSION , que se sit\u00faa en la planta superior tiene prevista su puesta en marcha para la primavera del 2019 completando as\u00ed la totalidad de la oferta del este Centro Comercial<img loading=\"lazy\" class=\"alignnone size-medium wp-image-28834\" src=\"http:\/\/www.quickexpansion.com\/wp-content\/uploads\/IMG_6313-300x225.jpg\" alt=\"\" width=\"300\" height=\"225\" srcset=\"https:\/\/www.quickexpansion.com\/wp-content\/uploads\/IMG_6313-300x225.jpg 300w, https:\/\/www.quickexpansion.com\/wp-content\/uploads\/IMG_6313-768x576.jpg 768w, https:\/\/www.quickexpansion.com\/wp-content\/uploads\/IMG_6313-1024x768.jpg 1024w, https:\/\/www.quickexpansion.com\/wp-content\/uploads\/IMG_6313-510x382.jpg 510w, https:\/\/www.quickexpansion.com\/wp-content\/uploads\/IMG_6313-1080x810.jpg 1080w, https:\/\/www.quickexpansion.com\/wp-content\/uploads\/IMG_6313.jpg 2016w\" sizes=\"(max-width: 300px) 100vw, 300px\" \/> <img loading=\"lazy\" class=\"alignnone size-medium wp-image-28835\" src=\"http:\/\/www.quickexpansion.com\/wp-content\/uploads\/IMG_6310-300x225.jpg\" alt=\"\" width=\"300\" height=\"225\" srcset=\"https:\/\/www.quickexpansion.com\/wp-content\/uploads\/IMG_6310-300x225.jpg 300w, https:\/\/www.quickexpansion.com\/wp-content\/uploads\/IMG_6310-768x576.jpg 768w, https:\/\/www.quickexpansion.com\/wp-content\/uploads\/IMG_6310-1024x768.jpg 1024w, https:\/\/www.quickexpansion.com\/wp-content\/uploads\/IMG_6310-510x382.jpg 510w, https:\/\/www.quickexpansion.com\/wp-content\/uploads\/IMG_6310-1080x810.jpg 1080w, https:\/\/www.quickexpansion.com\/wp-content\/uploads\/IMG_6310.jpg 2016w\" sizes=\"(max-width: 300px) 100vw, 300px\" \/> <img loading=\"lazy\" class=\"alignnone size-medium wp-image-28836\" src=\"http:\/\/www.quickexpansion.com\/wp-content\/uploads\/Lloret-02-300x200.jpg\" alt=\"\" width=\"300\" height=\"200\" srcset=\"https:\/\/www.quickexpansion.com\/wp-content\/uploads\/Lloret-02-300x200.jpg 300w, https:\/\/www.quickexpansion.com\/wp-content\/uploads\/Lloret-02-768x512.jpg 768w, https:\/\/www.quickexpansion.com\/wp-content\/uploads\/Lloret-02-1024x683.jpg 1024w, https:\/\/www.quickexpansion.com\/wp-content\/uploads\/Lloret-02-1080x720.jpg 1080w, https:\/\/www.quickexpansion.com\/wp-content\/uploads\/Lloret-02.jpg 1296w\" sizes=\"(max-width: 300px) 100vw, 300px\" \/> <img loading=\"lazy\" class=\"alignnone size-medium wp-image-28837\" src=\"http:\/\/www.quickexpansion.com\/wp-content\/uploads\/Lloret-04-300x200.jpg\" alt=\"\" width=\"300\" height=\"200\" srcset=\"https:\/\/www.quickexpansion.com\/wp-content\/uploads\/Lloret-04-300x200.jpg 300w, https:\/\/www.quickexpansion.com\/wp-content\/uploads\/Lloret-04-768x512.jpg 768w, https:\/\/www.quickexpansion.com\/wp-content\/uploads\/Lloret-04-1024x683.jpg 1024w, https:\/\/www.quickexpansion.com\/wp-content\/uploads\/Lloret-04-1080x721.jpg 1080w, https:\/\/www.quickexpansion.com\/wp-content\/uploads\/Lloret-04.jpg 1253w\" sizes=\"(max-width: 300px) 100vw, 300px\" \/> <img loading=\"lazy\" class=\"alignnone wp-image-28838\" src=\"http:\/\/www.quickexpansion.com\/wp-content\/uploads\/Lloret-05-1024x683.jpg\" alt=\"\" width=\"604\" height=\"403\" srcset=\"https:\/\/www.quickexpansion.com\/wp-content\/uploads\/Lloret-05-1024x683.jpg 1024w, https:\/\/www.quickexpansion.com\/wp-content\/uploads\/Lloret-05-300x200.jpg 300w, https:\/\/www.quickexpansion.com\/wp-content\/uploads\/Lloret-05-768x512.jpg 768w, https:\/\/www.quickexpansion.com\/wp-content\/uploads\/Lloret-05-1080x720.jpg 1080w, https:\/\/www.quickexpansion.com\/wp-content\/uploads\/Lloret-05.jpg 1296w\" sizes=\"(max-width: 604px) 100vw, 604px\" \/><\/p>\n<p>&nbsp;<\/p>\n<p><strong>\u00a0INAUGURACI\u00d3 PORTALLORET 27 NOVIEMBRE 2018<\/strong><\/p>\n<p>Ahir vespre a les 18.30h va quedar inaugurada la fase 1 del Cente Comercial PortaLloret, promogut per GESDIP ( Grup Bon Preu) i NOVA LLORET.<\/p>\n<p>L\u00b4acte va tenir mes aviat un caracter privat, on van assitir l\u00b4Excelentissim Senyor Alcalde de Lloret\u00a0 i unes 300 persones entre col.laboradors, prove\u00efdors i personal de les dos empreses que avui oben les portes al p\u00fablic. L\u00b4Alcalde inaugur\u00e0 el Centre descobrint una placa commemorativa i fent un recorregut intern\u00a0 per la botiga de WORTEN amb els seus responsables i despr\u00e9,s travessant un \u201cpassadis d\u00b4honor\u201d fet pels empleats del Hipermercat Esclat, la comitiva es va dirirgir a tallar la cinta d\u00b4aquest establiment on posterioment es van fer els parlaments a c\u00e0rrec del St Joan Font ( Grup BonPreu) i del Excelentissim Senyor Alcalde Sr Jaume Dulsat .<\/p>\n<p>Un pica pica servit entre els lineals totalment assortits de productes del Hipermercat va servir per acompanyar el brindis per l\u00b4exit d\u00b4aquets nou equipament comercial que seguir\u00e0 ampliant la seva oferta els proper dies amb la obertura de DRIM i MASKOKOTAS.<\/p>\n<p>La segona fase en comercialitzaci\u00f3 per QUICK EXPANSI\u00d3N,que es situa a la planta superior, t\u00e9\u00a0 prevista la seva posta en marxa per la primavera del 2019 completant aixi la totalitat de la oferta\u00a0 d aquest Centre Comercial.<\/p>","protected":false},"excerpt":{"rendered":"<p>INAUGURACI\u00d3N PORTA LORET 27 NOVIEMBRE 2018 Ayer por la tarde qued\u00f3 inaugurada la fase 1 del Centro Comercial Portalloret, promovido por GESDIP (Grup BonPreu) y NOVALLORET El acto tuvo car\u00e1cter privado donde asisti\u00f3 el Excelent\u00edsimo Se\u00f1or alcalde de Lloret y unas 300 personas entre colaboradores, proveedores y personal de las dos empresas que hoy abren [&hellip;]<\/p>","protected":false},"author":2,"featured_media":28835,"comment_status":"open","ping_status":"open","sticky":false,"template":"","format":"standard","meta":{"spay_email":"","jetpack_publicize_message":"","jetpack_is_tweetstorm":false},"categories":[8],"tags":[],"jetpack_featured_media_url":"https:\/\/www.quickexpansion.com\/wp-content\/uploads\/IMG_6310.jpg","jetpack_publicize_connections":[],"yoast_head":"<!-- This site is optimized with the Yoast SEO plugin v15.4 - https:\/\/yoast.com\/wordpress\/plugins\/seo\/ -->\n<title>Inaugurada la fase 1 del Centro Comercial Portalloret - Quick Expansi\u00f3n<\/title>\n<meta name=\"description\" content=\"Ayer por la tarde qued\u00f3 inaugurada la fase 1 del Centro Comercial Portalloret, promovido por GESDIP (Grup BonPreu) y NOVALLORETEl acto tuvo car\u00e1cter privado donde asisti\u00f3 el Excelent\u00edsimo Se\u00f1or alcalde de Lloret y unas 300 personas entre colaboradores, proveedores y personal de las dos empresas que hoy abren las puertas al p\u00fablico. El Alcalde inaugur\u00f3 el Centro descubriendo una placa conmemorativa y haciendo un recorrido interno en la tienda de Worten con sus responsables y despu\u00e9s, atravesando un \u201cpasillo de honor\u201d hecho por los empleados del Hipermercado ESxclat la comitiva se dirigi\u00f3 a cortar la cinta de este establecimiento donde posteriormente se realizaron los parlamentos a cargo del Sr Joan Font ( Grup BonPreu) i del Excelent\u00edsimo Sr Alcalde Joan Dulsat.\" \/>\n<meta name=\"robots\" content=\"index, follow, max-snippet:-1, max-image-preview:large, max-video-preview:-1\" \/>\n<link rel=\"canonical\" href=\"https:\/\/www.quickexpansion.com\/en\/noticias\/inaugurada-la-fase-1-del-centro-comercial-portalloret\/\" \/>\n<meta property=\"og:locale\" content=\"en_GB\" \/>\n<meta property=\"og:type\" content=\"article\" \/>\n<meta property=\"og:title\" content=\"Inaugurada la fase 1 del Centro Comercial Portalloret - Quick Expansi\u00f3n\" \/>\n<meta property=\"og:description\" content=\"Ayer por la tarde qued\u00f3 inaugurada la fase 1 del Centro Comercial Portalloret, promovido por GESDIP (Grup BonPreu) y NOVALLORETEl acto tuvo car\u00e1cter privado donde asisti\u00f3 el Excelent\u00edsimo Se\u00f1or alcalde de Lloret y unas 300 personas entre colaboradores, proveedores y personal de las dos empresas que hoy abren las puertas al p\u00fablico. El Alcalde inaugur\u00f3 el Centro descubriendo una placa conmemorativa y haciendo un recorrido interno en la tienda de Worten con sus responsables y despu\u00e9s, atravesando un \u201cpasillo de honor\u201d hecho por los empleados del Hipermercado ESxclat la comitiva se dirigi\u00f3 a cortar la cinta de este establecimiento donde posteriormente se realizaron los parlamentos a cargo del Sr Joan Font ( Grup BonPreu) i del Excelent\u00edsimo Sr Alcalde Joan Dulsat.\" \/>\n<meta property=\"og:url\" content=\"https:\/\/www.quickexpansion.com\/en\/noticias\/inaugurada-la-fase-1-del-centro-comercial-portalloret\/\" \/>\n<meta property=\"og:site_name\" content=\"Quick Expansi\u00f3n\" \/>\n<meta property=\"article:published_time\" content=\"2018-11-29T01:04:05+00:00\" \/>\n<meta property=\"article:modified_time\" content=\"2018-11-29T01:14:04+00:00\" \/>\n<meta property=\"og:image\" content=\"https:\/\/www.quickexpansion.com\/wp-content\/uploads\/IMG_6310.jpg\" \/>\n\t<meta property=\"og:image:width\" content=\"2016\" \/>\n\t<meta property=\"og:image:height\" content=\"1512\" \/>\n<meta name=\"twitter:card\" content=\"summary\" \/>\n<meta name=\"twitter:label1\" content=\"Written by\">\n\t<meta name=\"twitter:data1\" content=\"quickexpansion\">\n\t<meta name=\"twitter:label2\" content=\"Estimated reading time\">\n\t<meta name=\"twitter:data2\" content=\"2 minutes\">\n<script type=\"application\/ld+json\" class=\"yoast-schema-graph\">{\"@context\":\"https:\/\/schema.org\",\"@graph\":[{\"@type\":\"Organization\",\"@id\":\"http:\/\/www.quickexpansion.com\/#organization\",\"name\":\"Quick Expansion\",\"url\":\"http:\/\/www.quickexpansion.com\/\",\"sameAs\":[],\"logo\":{\"@type\":\"ImageObject\",\"@id\":\"http:\/\/www.quickexpansion.com\/#logo\",\"inLanguage\":\"en-GB\",\"url\":\"https:\/\/www.quickexpansion.com\/wp-content\/uploads\/cropped-icono-sitio-quickexpansion-1.png\",\"width\":512,\"height\":512,\"caption\":\"Quick Expansion\"},\"image\":{\"@id\":\"http:\/\/www.quickexpansion.com\/#logo\"}},{\"@type\":\"WebSite\",\"@id\":\"http:\/\/www.quickexpansion.com\/#website\",\"url\":\"http:\/\/www.quickexpansion.com\/\",\"name\":\"Quick Expansi\\u00f3n\",\"description\":\"Retail and Investment services\",\"publisher\":{\"@id\":\"http:\/\/www.quickexpansion.com\/#organization\"},\"potentialAction\":[{\"@type\":\"SearchAction\",\"target\":\"http:\/\/www.quickexpansion.com\/?s={search_term_string}\",\"query-input\":\"required name=search_term_string\"}],\"inLanguage\":\"en-GB\"},{\"@type\":\"ImageObject\",\"@id\":\"https:\/\/www.quickexpansion.com\/en\/noticias\/inaugurada-la-fase-1-del-centro-comercial-portalloret\/#primaryimage\",\"inLanguage\":\"en-GB\",\"url\":\"https:\/\/www.quickexpansion.com\/wp-content\/uploads\/IMG_6310.jpg\",\"width\":2016,\"height\":1512},{\"@type\":\"WebPage\",\"@id\":\"https:\/\/www.quickexpansion.com\/en\/noticias\/inaugurada-la-fase-1-del-centro-comercial-portalloret\/#webpage\",\"url\":\"https:\/\/www.quickexpansion.com\/en\/noticias\/inaugurada-la-fase-1-del-centro-comercial-portalloret\/\",\"name\":\"Inaugurada la fase 1 del Centro Comercial Portalloret - Quick Expansi\\u00f3n\",\"isPartOf\":{\"@id\":\"http:\/\/www.quickexpansion.com\/#website\"},\"primaryImageOfPage\":{\"@id\":\"https:\/\/www.quickexpansion.com\/en\/noticias\/inaugurada-la-fase-1-del-centro-comercial-portalloret\/#primaryimage\"},\"datePublished\":\"2018-11-29T01:04:05+00:00\",\"dateModified\":\"2018-11-29T01:14:04+00:00\",\"description\":\"Ayer por la tarde qued\\u00f3 inaugurada la fase 1 del Centro Comercial Portalloret, promovido por GESDIP (Grup BonPreu) y NOVALLORETEl acto tuvo car\\u00e1cter privado donde asisti\\u00f3 el Excelent\\u00edsimo Se\\u00f1or alcalde de Lloret y unas 300 personas entre colaboradores, proveedores y personal de las dos empresas que hoy abren las puertas al p\\u00fablico. El Alcalde inaugur\\u00f3 el Centro descubriendo una placa conmemorativa y haciendo un recorrido interno en la tienda de Worten con sus responsables y despu\\u00e9s, atravesando un \\u201cpasillo de honor\\u201d hecho por los empleados del Hipermercado ESxclat la comitiva se dirigi\\u00f3 a cortar la cinta de este establecimiento donde posteriormente se realizaron los parlamentos a cargo del Sr Joan Font ( Grup BonPreu) i del Excelent\\u00edsimo Sr Alcalde Joan Dulsat.\",\"inLanguage\":\"en-GB\",\"potentialAction\":[{\"@type\":\"ReadAction\",\"target\":[\"https:\/\/www.quickexpansion.com\/en\/noticias\/inaugurada-la-fase-1-del-centro-comercial-portalloret\/\"]}]},{\"@type\":\"Article\",\"@id\":\"https:\/\/www.quickexpansion.com\/en\/noticias\/inaugurada-la-fase-1-del-centro-comercial-portalloret\/#article\",\"isPartOf\":{\"@id\":\"https:\/\/www.quickexpansion.com\/en\/noticias\/inaugurada-la-fase-1-del-centro-comercial-portalloret\/#webpage\"},\"author\":{\"@id\":\"http:\/\/www.quickexpansion.com\/#\/schema\/person\/a77ac750c6c036244af69f7b68aa61f6\"},\"headline\":\"Inaugurada la fase 1 del Centro Comercial Portalloret\",\"datePublished\":\"2018-11-29T01:04:05+00:00\",\"dateModified\":\"2018-11-29T01:14:04+00:00\",\"mainEntityOfPage\":{\"@id\":\"https:\/\/www.quickexpansion.com\/en\/noticias\/inaugurada-la-fase-1-del-centro-comercial-portalloret\/#webpage\"},\"commentCount\":0,\"publisher\":{\"@id\":\"http:\/\/www.quickexpansion.com\/#organization\"},\"image\":{\"@id\":\"https:\/\/www.quickexpansion.com\/en\/noticias\/inaugurada-la-fase-1-del-centro-comercial-portalloret\/#primaryimage\"},\"articleSection\":\"Noticias\",\"inLanguage\":\"en-GB\",\"potentialAction\":[{\"@type\":\"CommentAction\",\"name\":\"Comment\",\"target\":[\"https:\/\/www.quickexpansion.com\/en\/noticias\/inaugurada-la-fase-1-del-centro-comercial-portalloret\/#respond\"]}]},{\"@type\":\"Person\",\"@id\":\"http:\/\/www.quickexpansion.com\/#\/schema\/person\/a77ac750c6c036244af69f7b68aa61f6\",\"name\":\"quickexpansion\",\"image\":{\"@type\":\"ImageObject\",\"@id\":\"http:\/\/www.quickexpansion.com\/#personlogo\",\"inLanguage\":\"en-GB\",\"url\":\"https:\/\/secure.gravatar.com\/avatar\/0a90acdc5422f8c0aa7f00cb8a450934?s=96&d=mm&r=g\",\"caption\":\"quickexpansion\"}}]}<\/script>\n<!-- \/ Yoast SEO plugin. -->","jetpack_sharing_enabled":true,"jetpack_shortlink":"https:\/\/wp.me\/p7VPSv-7v3","_links":{"self":[{"href":"https:\/\/www.quickexpansion.com\/en\/wp-json\/wp\/v2\/posts\/28833"}],"collection":[{"href":"https:\/\/www.quickexpansion.com\/en\/wp-json\/wp\/v2\/posts"}],"about":[{"href":"https:\/\/www.quickexpansion.com\/en\/wp-json\/wp\/v2\/types\/post"}],"author":[{"embeddable":true,"href":"https:\/\/www.quickexpansion.com\/en\/wp-json\/wp\/v2\/users\/2"}],"replies":[{"embeddable":true,"href":"https:\/\/www.quickexpansion.com\/en\/wp-json\/wp\/v2\/comments?post=28833"}],"version-history":[{"count":3,"href":"https:\/\/www.quickexpansion.com\/en\/wp-json\/wp\/v2\/posts\/28833\/revisions"}],"predecessor-version":[{"id":28841,"href":"https:\/\/www.quickexpansion.com\/en\/wp-json\/wp\/v2\/posts\/28833\/revisions\/28841"}],"wp:featuredmedia":[{"embeddable":true,"href":"https:\/\/www.quickexpansion.com\/en\/wp-json\/wp\/v2\/media\/28835"}],"wp:attachment":[{"href":"https:\/\/www.quickexpansion.com\/en\/wp-json\/wp\/v2\/media?parent=28833"}],"wp:term":[{"taxonomy":"category","embeddable":true,"href":"https:\/\/www.quickexpansion.com\/en\/wp-json\/wp\/v2\/categories?post=28833"},{"taxonomy":"post_tag","embeddable":true,"href":"https:\/\/www.quickexpansion.com\/en\/wp-json\/wp\/v2\/tags?post=28833"}],"curies":[{"name":"wp","href":"https:\/\/api.w.org\/{rel}","templated":true}]}}