{"id":28828,"date":"2018-11-25T18:51:49","date_gmt":"2018-11-25T18:51:49","guid":{"rendered":"http:\/\/www.quickexpansion.com\/?p=28828"},"modified":"2018-11-25T18:51:49","modified_gmt":"2018-11-25T18:51:49","slug":"inauguracion-portalloret","status":"publish","type":"post","link":"https:\/\/www.quickexpansion.com\/en\/noticias\/inauguracion-portalloret\/","title":{"rendered":"Inauguraci\u00f3n Portalloret"},"content":{"rendered":"<div>El pr\u00f3ximo dia 27 de noviembre a las 18.30h se inagura la fase 1 del Centro Comercial PORTALLORET, el Centro Comercial m\u00e1s grande de Lloret de Mar y de la Costa Brava, situado en la Avenida de les Alegries 9 \u2013 11 de Lloret de Mar ( Girona ), en un acto al que asistir\u00e1n el Excelentisimo Se\u00f1or Alcalde de Lloret de Mar y otras personalidades.<br \/>\nEste Centro Comercial es fruto de la inversi\u00f3n conjunta de dos grupos empresariales : GESDIP ( GRUP BONPREU ) que ha realizado una inversi\u00f3n de 17 millones de euros y NOVALLORET que ha aportado los terenos.<br \/>\nEl dise\u00f1o y construcci\u00f3n ha estado en manos de la ingenier\u00eda COLOMER &#8211; RIFA<br \/>\nEl Centro Comercial PORTALLORET consta de 2 plantas comerciales, ambas con entrada a nivel de calle, debido a la orograf\u00eda del terreno.<\/div>\n<div><img loading=\"lazy\" class=\"size-medium wp-image-28830 alignleft\" src=\"http:\/\/www.quickexpansion.com\/wp-content\/uploads\/portalloret-3-300x225.jpeg\" alt=\"\" width=\"300\" height=\"225\" srcset=\"https:\/\/www.quickexpansion.com\/wp-content\/uploads\/portalloret-3-300x225.jpeg 300w, https:\/\/www.quickexpansion.com\/wp-content\/uploads\/portalloret-3-768x576.jpeg 768w, https:\/\/www.quickexpansion.com\/wp-content\/uploads\/portalloret-3-1024x768.jpeg 1024w, https:\/\/www.quickexpansion.com\/wp-content\/uploads\/portalloret-3-510x382.jpeg 510w, https:\/\/www.quickexpansion.com\/wp-content\/uploads\/portalloret-3-1080x810.jpeg 1080w, https:\/\/www.quickexpansion.com\/wp-content\/uploads\/portalloret-3.jpeg 1600w\" sizes=\"(max-width: 300px) 100vw, 300px\" \/><br \/>\nConsta de una superficie de m\u00e1s de 35.000 m2 con m\u00e1s de 900 plazas de aparcamiento distribuidas en tres plantas, dos subterr\u00e1neas y una tercera exterior en la fachada a la planta superior.<\/div>\n<div>\nLa fase 1, que es la que se inaugura el pr\u00f3ximo martes, es la planta a nivel de la Avenida de les Alegries, i consta de un HIPERMERCAT ESCLAT de 4.150 m2 de superficie de ventas asi como los operadores WORTEN ( tecnolog\u00eda i electrodom\u00e9sticos ) y DRIM ( Juguetes ). En un futuro muy pr\u00f3ximo abrir\u00e1n operadores de mascotas y restauraci\u00f3n.<\/div>\n<div>\nLa fase 2 tiene prevista su puesta en marcha para la primavera de 2019 y est\u00e1 en peoceso de comercializaci\u00f3n. Abrir\u00e1n operadores l\u00edderes en formatos de decoraci\u00f3n-hogar y deportes, y tambi\u00e9n contar\u00e0 con una galeria comercial con ocio familiar y restauraci\u00f3n.<br \/>\nEste equipamiento comercial permanecer\u00e1 abierto al p\u00fablico a partir del mi\u00e9rcoles dia 28 de noviembre, con un horario de lunes a s\u00e1bado de 9 h de la ma\u00f1ana a 21.30h, y los domingos de 9h h 14.30h. Durante el verano los domingos y festivos abrir\u00e1n a horario completo.<\/div>\n<div>\nLa construcci\u00f3n de este nuevo equipamiento contribuye a Lloret de Mar en desarrollar un urbanismo de calidad en el municipio, mejora su oferta comercial y crea nuevos puestos de trabajo, reforzando su influ\u00e8ncia en el coraz\u00f3n de la Costa Brava.<\/div>\n<div><\/div>","protected":false},"excerpt":{"rendered":"<p>El pr\u00f3ximo dia 27 de noviembre a las 18.30h se inagura la fase 1 del Centro Comercial PORTALLORET, el Centro Comercial m\u00e1s grande de Lloret de Mar y de la Costa Brava, situado en la Avenida de les Alegries 9 \u2013 11 de Lloret de Mar ( Girona ), en un acto al que asistir\u00e1n [&hellip;]<\/p>","protected":false},"author":2,"featured_media":28829,"comment_status":"open","ping_status":"open","sticky":false,"template":"","format":"standard","meta":{"spay_email":"","jetpack_publicize_message":"","jetpack_is_tweetstorm":false},"categories":[8],"tags":[12,11],"jetpack_featured_media_url":"https:\/\/www.quickexpansion.com\/wp-content\/uploads\/portalloret-2.jpeg","jetpack_publicize_connections":[],"yoast_head":"<!-- This site is optimized with the Yoast SEO plugin v15.4 - https:\/\/yoast.com\/wordpress\/plugins\/seo\/ -->\n<title>Inauguraci\u00f3n Portalloret - Quick Expansi\u00f3n<\/title>\n<meta name=\"description\" content=\"El pr\u00f3ximo dia 27 de noviembre a las 18.30h se inagura la fase 1 del Centro Comercial PORTALLORET, el Centro Comercial m\u00e1s grande de Lloret de Mar y de la Costa Brava, situado en la Avenida de les Alegries 9 \u2013 11 de Lloret de Mar ( Girona ), en un acto al que asistir\u00e1n el Excelentisimo Se\u00f1or Alcalde de Lloret de Mar y otras personalidades.\" \/>\n<meta name=\"robots\" content=\"index, follow, max-snippet:-1, max-image-preview:large, max-video-preview:-1\" \/>\n<link rel=\"canonical\" href=\"https:\/\/www.quickexpansion.com\/en\/noticias\/inauguracion-portalloret\/\" \/>\n<meta property=\"og:locale\" content=\"en_GB\" \/>\n<meta property=\"og:type\" content=\"article\" \/>\n<meta property=\"og:title\" content=\"Inauguraci\u00f3n Portalloret - Quick Expansi\u00f3n\" \/>\n<meta property=\"og:description\" content=\"El pr\u00f3ximo dia 27 de noviembre a las 18.30h se inagura la fase 1 del Centro Comercial PORTALLORET, el Centro Comercial m\u00e1s grande de Lloret de Mar y de la Costa Brava, situado en la Avenida de les Alegries 9 \u2013 11 de Lloret de Mar ( Girona ), en un acto al que asistir\u00e1n el Excelentisimo Se\u00f1or Alcalde de Lloret de Mar y otras personalidades.\" \/>\n<meta property=\"og:url\" content=\"https:\/\/www.quickexpansion.com\/en\/noticias\/inauguracion-portalloret\/\" \/>\n<meta property=\"og:site_name\" content=\"Quick Expansi\u00f3n\" \/>\n<meta property=\"article:published_time\" content=\"2018-11-25T18:51:49+00:00\" \/>\n<meta property=\"og:image\" content=\"https:\/\/www.quickexpansion.com\/wp-content\/uploads\/portalloret-2.jpeg\" \/>\n\t<meta property=\"og:image:width\" content=\"1600\" \/>\n\t<meta property=\"og:image:height\" content=\"1200\" \/>\n<meta name=\"twitter:card\" content=\"summary\" \/>\n<meta name=\"twitter:label1\" content=\"Written by\">\n\t<meta name=\"twitter:data1\" content=\"quickexpansion\">\n\t<meta name=\"twitter:label2\" content=\"Estimated reading time\">\n\t<meta name=\"twitter:data2\" content=\"1 minute\">\n<script type=\"application\/ld+json\" class=\"yoast-schema-graph\">{\"@context\":\"https:\/\/schema.org\",\"@graph\":[{\"@type\":\"Organization\",\"@id\":\"http:\/\/www.quickexpansion.com\/#organization\",\"name\":\"Quick Expansion\",\"url\":\"http:\/\/www.quickexpansion.com\/\",\"sameAs\":[],\"logo\":{\"@type\":\"ImageObject\",\"@id\":\"http:\/\/www.quickexpansion.com\/#logo\",\"inLanguage\":\"en-GB\",\"url\":\"https:\/\/www.quickexpansion.com\/wp-content\/uploads\/cropped-icono-sitio-quickexpansion-1.png\",\"width\":512,\"height\":512,\"caption\":\"Quick Expansion\"},\"image\":{\"@id\":\"http:\/\/www.quickexpansion.com\/#logo\"}},{\"@type\":\"WebSite\",\"@id\":\"http:\/\/www.quickexpansion.com\/#website\",\"url\":\"http:\/\/www.quickexpansion.com\/\",\"name\":\"Quick Expansi\\u00f3n\",\"description\":\"Retail and Investment services\",\"publisher\":{\"@id\":\"http:\/\/www.quickexpansion.com\/#organization\"},\"potentialAction\":[{\"@type\":\"SearchAction\",\"target\":\"http:\/\/www.quickexpansion.com\/?s={search_term_string}\",\"query-input\":\"required name=search_term_string\"}],\"inLanguage\":\"en-GB\"},{\"@type\":\"ImageObject\",\"@id\":\"https:\/\/www.quickexpansion.com\/noticias\/inauguracion-portalloret\/#primaryimage\",\"inLanguage\":\"en-GB\",\"url\":\"https:\/\/www.quickexpansion.com\/wp-content\/uploads\/portalloret-2.jpeg\",\"width\":1600,\"height\":1200},{\"@type\":\"WebPage\",\"@id\":\"https:\/\/www.quickexpansion.com\/noticias\/inauguracion-portalloret\/#webpage\",\"url\":\"https:\/\/www.quickexpansion.com\/noticias\/inauguracion-portalloret\/\",\"name\":\"Inauguraci\\u00f3n Portalloret - Quick Expansi\\u00f3n\",\"isPartOf\":{\"@id\":\"http:\/\/www.quickexpansion.com\/#website\"},\"primaryImageOfPage\":{\"@id\":\"https:\/\/www.quickexpansion.com\/noticias\/inauguracion-portalloret\/#primaryimage\"},\"datePublished\":\"2018-11-25T18:51:49+00:00\",\"dateModified\":\"2018-11-25T18:51:49+00:00\",\"description\":\"El pr\\u00f3ximo dia 27 de noviembre a las 18.30h se inagura la fase 1 del Centro Comercial PORTALLORET, el Centro Comercial m\\u00e1s grande de Lloret de Mar y de la Costa Brava, situado en la Avenida de les Alegries 9 \\u2013 11 de Lloret de Mar ( Girona ), en un acto al que asistir\\u00e1n el Excelentisimo Se\\u00f1or Alcalde de Lloret de Mar y otras personalidades.\",\"inLanguage\":\"en-GB\",\"potentialAction\":[{\"@type\":\"ReadAction\",\"target\":[\"https:\/\/www.quickexpansion.com\/noticias\/inauguracion-portalloret\/\"]}]},{\"@type\":\"Article\",\"@id\":\"https:\/\/www.quickexpansion.com\/noticias\/inauguracion-portalloret\/#article\",\"isPartOf\":{\"@id\":\"https:\/\/www.quickexpansion.com\/noticias\/inauguracion-portalloret\/#webpage\"},\"author\":{\"@id\":\"http:\/\/www.quickexpansion.com\/#\/schema\/person\/a77ac750c6c036244af69f7b68aa61f6\"},\"headline\":\"Inauguraci\\u00f3n Portalloret\",\"datePublished\":\"2018-11-25T18:51:49+00:00\",\"dateModified\":\"2018-11-25T18:51:49+00:00\",\"mainEntityOfPage\":{\"@id\":\"https:\/\/www.quickexpansion.com\/noticias\/inauguracion-portalloret\/#webpage\"},\"commentCount\":0,\"publisher\":{\"@id\":\"http:\/\/www.quickexpansion.com\/#organization\"},\"image\":{\"@id\":\"https:\/\/www.quickexpansion.com\/noticias\/inauguracion-portalloret\/#primaryimage\"},\"keywords\":\"Lloret de mar,Portalloret\",\"articleSection\":\"Noticias\",\"inLanguage\":\"en-GB\",\"potentialAction\":[{\"@type\":\"CommentAction\",\"name\":\"Comment\",\"target\":[\"https:\/\/www.quickexpansion.com\/noticias\/inauguracion-portalloret\/#respond\"]}]},{\"@type\":\"Person\",\"@id\":\"http:\/\/www.quickexpansion.com\/#\/schema\/person\/a77ac750c6c036244af69f7b68aa61f6\",\"name\":\"quickexpansion\",\"image\":{\"@type\":\"ImageObject\",\"@id\":\"http:\/\/www.quickexpansion.com\/#personlogo\",\"inLanguage\":\"en-GB\",\"url\":\"https:\/\/secure.gravatar.com\/avatar\/0a90acdc5422f8c0aa7f00cb8a450934?s=96&d=mm&r=g\",\"caption\":\"quickexpansion\"}}]}<\/script>\n<!-- \/ Yoast SEO plugin. -->","jetpack_sharing_enabled":true,"jetpack_shortlink":"https:\/\/wp.me\/p7VPSv-7uY","_links":{"self":[{"href":"https:\/\/www.quickexpansion.com\/en\/wp-json\/wp\/v2\/posts\/28828"}],"collection":[{"href":"https:\/\/www.quickexpansion.com\/en\/wp-json\/wp\/v2\/posts"}],"about":[{"href":"https:\/\/www.quickexpansion.com\/en\/wp-json\/wp\/v2\/types\/post"}],"author":[{"embeddable":true,"href":"https:\/\/www.quickexpansion.com\/en\/wp-json\/wp\/v2\/users\/2"}],"replies":[{"embeddable":true,"href":"https:\/\/www.quickexpansion.com\/en\/wp-json\/wp\/v2\/comments?post=28828"}],"version-history":[{"count":1,"href":"https:\/\/www.quickexpansion.com\/en\/wp-json\/wp\/v2\/posts\/28828\/revisions"}],"predecessor-version":[{"id":28831,"href":"https:\/\/www.quickexpansion.com\/en\/wp-json\/wp\/v2\/posts\/28828\/revisions\/28831"}],"wp:featuredmedia":[{"embeddable":true,"href":"https:\/\/www.quickexpansion.com\/en\/wp-json\/wp\/v2\/media\/28829"}],"wp:attachment":[{"href":"https:\/\/www.quickexpansion.com\/en\/wp-json\/wp\/v2\/media?parent=28828"}],"wp:term":[{"taxonomy":"category","embeddable":true,"href":"https:\/\/www.quickexpansion.com\/en\/wp-json\/wp\/v2\/categories?post=28828"},{"taxonomy":"post_tag","embeddable":true,"href":"https:\/\/www.quickexpansion.com\/en\/wp-json\/wp\/v2\/tags?post=28828"}],"curies":[{"name":"wp","href":"https:\/\/api.w.org\/{rel}","templated":true}]}}