{"id":28749,"date":"2018-09-17T21:58:49","date_gmt":"2018-09-17T21:58:49","guid":{"rendered":"http:\/\/www.quickexpansion.com\/?p=28749"},"modified":"2018-09-17T21:58:49","modified_gmt":"2018-09-17T21:58:49","slug":"quick-expansion-asume-la-gestion-del-parque-comercial-alfafar-parc","status":"publish","type":"post","link":"https:\/\/www.quickexpansion.com\/en\/noticias\/quick-expansion-asume-la-gestion-del-parque-comercial-alfafar-parc\/","title":{"rendered":"Quick Expansi\u00f3n asume la gestion del Parque Comercial Alfafar Parc"},"content":{"rendered":"<p>Quick Expansi\u00f3n, compa\u00f1\u00eda especializada en la consultor\u00eda de retail e inversi\u00f3n y gesti\u00f3n inmobiliaria, asume desde este mes de septiembre la gesti\u00f3n del Parque Comercial Alfafar Parc, situado en la localidad de Alfafar (Valencia).<\/p>\n<p>El complejo comercial Alfafar Parc cuenta con una superficie de m\u00e1s de 220.000 m2 construidos y\u00a0 80.000m2 de superficie comercial, albergando empresas como Ikea, Bauhaus, Decathlon, Electrodepot, Ofiarea, Chaussea, Burger King, Viena, Tony Romas, Biosof\u00e1s, Dormitienda, Flex y Tempur. Y en breve abrir\u00e1n sus puertas nuevos negocios que completar\u00e1n la oferta del parque comercial, entre ellos Globo Moda, Orchestra, Cocinas Schmidt, Jysk, Juguetilandia, Muerde la Pasta, Norauto, La Piemontesa, y Blue Frog, dejando la ocupaci\u00f3n del parque comercial cerca del 90%<\/p>\n<p>Situado a 3 km de Valencia, el complejo comercial Alfalfar Parc es un referente en la oferta comercial levantina, con el primer centro Ikea de la Comunidad Valenciana a la cabeza. Alfafar Parc cuenta con un \u00e1rea de influencia de casi 2 millones de habitantes a 30 minutos, con una nueva oferta comercial dedicada al equipamiento del hogar, de la persona, autom\u00f3vil y restauraci\u00f3n con amplias zonas comunes.<\/p>\n<p>Te invitamos a que vengas a conocerlo!<\/p>","protected":false},"excerpt":{"rendered":"<p>Quick Expansi\u00f3n, compa\u00f1\u00eda especializada en la consultor\u00eda de retail e inversi\u00f3n y gesti\u00f3n inmobiliaria, asume desde este mes de septiembre la gesti\u00f3n del Parque Comercial Alfafar Parc, situado en la localidad de Alfafar (Valencia). El complejo comercial Alfafar Parc cuenta con una superficie de m\u00e1s de 220.000 m2 construidos y\u00a0 80.000m2 de superficie comercial, albergando [&hellip;]<\/p>","protected":false},"author":2,"featured_media":26118,"comment_status":"open","ping_status":"open","sticky":false,"template":"","format":"standard","meta":{"spay_email":"","jetpack_publicize_message":"","jetpack_is_tweetstorm":false},"categories":[8],"tags":[],"jetpack_featured_media_url":"https:\/\/www.quickexpansion.com\/wp-content\/uploads\/img-alfafar-3.jpg","jetpack_publicize_connections":[],"yoast_head":"<!-- This site is optimized with the Yoast SEO plugin v15.4 - https:\/\/yoast.com\/wordpress\/plugins\/seo\/ -->\n<title>Quick Expansi\u00f3n asume la gestion del Parque Comercial Alfafar Parc - Quick Expansi\u00f3n<\/title>\n<meta name=\"robots\" content=\"index, follow, max-snippet:-1, max-image-preview:large, max-video-preview:-1\" \/>\n<link rel=\"canonical\" href=\"https:\/\/www.quickexpansion.com\/en\/noticias\/quick-expansion-asume-la-gestion-del-parque-comercial-alfafar-parc\/\" \/>\n<meta property=\"og:locale\" content=\"en_GB\" \/>\n<meta property=\"og:type\" content=\"article\" \/>\n<meta property=\"og:title\" content=\"Quick Expansi\u00f3n asume la gestion del Parque Comercial Alfafar Parc - Quick Expansi\u00f3n\" \/>\n<meta property=\"og:description\" content=\"Quick Expansi\u00f3n, compa\u00f1\u00eda especializada en la consultor\u00eda de retail e inversi\u00f3n y gesti\u00f3n inmobiliaria, asume desde este mes de septiembre la gesti\u00f3n del Parque Comercial Alfafar Parc, situado en la localidad de Alfafar (Valencia). El complejo comercial Alfafar Parc cuenta con una superficie de m\u00e1s de 220.000 m2 construidos y\u00a0 80.000m2 de superficie comercial, albergando [&hellip;]\" \/>\n<meta property=\"og:url\" content=\"https:\/\/www.quickexpansion.com\/en\/noticias\/quick-expansion-asume-la-gestion-del-parque-comercial-alfafar-parc\/\" \/>\n<meta property=\"og:site_name\" content=\"Quick Expansi\u00f3n\" \/>\n<meta property=\"article:published_time\" content=\"2018-09-17T21:58:49+00:00\" \/>\n<meta property=\"og:image\" content=\"https:\/\/www.quickexpansion.com\/wp-content\/uploads\/img-alfafar-3.jpg\" \/>\n\t<meta property=\"og:image:width\" content=\"1072\" \/>\n\t<meta property=\"og:image:height\" content=\"700\" \/>\n<meta name=\"twitter:card\" content=\"summary\" \/>\n<meta name=\"twitter:label1\" content=\"Written by\">\n\t<meta name=\"twitter:data1\" content=\"quickexpansion\">\n\t<meta name=\"twitter:label2\" content=\"Estimated reading time\">\n\t<meta name=\"twitter:data2\" content=\"1 minute\">\n<script type=\"application\/ld+json\" class=\"yoast-schema-graph\">{\"@context\":\"https:\/\/schema.org\",\"@graph\":[{\"@type\":\"Organization\",\"@id\":\"http:\/\/www.quickexpansion.com\/#organization\",\"name\":\"Quick Expansion\",\"url\":\"http:\/\/www.quickexpansion.com\/\",\"sameAs\":[],\"logo\":{\"@type\":\"ImageObject\",\"@id\":\"http:\/\/www.quickexpansion.com\/#logo\",\"inLanguage\":\"en-GB\",\"url\":\"https:\/\/www.quickexpansion.com\/wp-content\/uploads\/cropped-icono-sitio-quickexpansion-1.png\",\"width\":512,\"height\":512,\"caption\":\"Quick Expansion\"},\"image\":{\"@id\":\"http:\/\/www.quickexpansion.com\/#logo\"}},{\"@type\":\"WebSite\",\"@id\":\"http:\/\/www.quickexpansion.com\/#website\",\"url\":\"http:\/\/www.quickexpansion.com\/\",\"name\":\"Quick Expansi\\u00f3n\",\"description\":\"Retail and Investment services\",\"publisher\":{\"@id\":\"http:\/\/www.quickexpansion.com\/#organization\"},\"potentialAction\":[{\"@type\":\"SearchAction\",\"target\":\"http:\/\/www.quickexpansion.com\/?s={search_term_string}\",\"query-input\":\"required name=search_term_string\"}],\"inLanguage\":\"en-GB\"},{\"@type\":\"ImageObject\",\"@id\":\"https:\/\/www.quickexpansion.com\/en\/noticias\/quick-expansion-asume-la-gestion-del-parque-comercial-alfafar-parc\/#primaryimage\",\"inLanguage\":\"en-GB\",\"url\":\"https:\/\/www.quickexpansion.com\/wp-content\/uploads\/img-alfafar-3.jpg\",\"width\":1072,\"height\":700},{\"@type\":\"WebPage\",\"@id\":\"https:\/\/www.quickexpansion.com\/en\/noticias\/quick-expansion-asume-la-gestion-del-parque-comercial-alfafar-parc\/#webpage\",\"url\":\"https:\/\/www.quickexpansion.com\/en\/noticias\/quick-expansion-asume-la-gestion-del-parque-comercial-alfafar-parc\/\",\"name\":\"Quick Expansi\\u00f3n asume la gestion del Parque Comercial Alfafar Parc - Quick Expansi\\u00f3n\",\"isPartOf\":{\"@id\":\"http:\/\/www.quickexpansion.com\/#website\"},\"primaryImageOfPage\":{\"@id\":\"https:\/\/www.quickexpansion.com\/en\/noticias\/quick-expansion-asume-la-gestion-del-parque-comercial-alfafar-parc\/#primaryimage\"},\"datePublished\":\"2018-09-17T21:58:49+00:00\",\"dateModified\":\"2018-09-17T21:58:49+00:00\",\"inLanguage\":\"en-GB\",\"potentialAction\":[{\"@type\":\"ReadAction\",\"target\":[\"https:\/\/www.quickexpansion.com\/en\/noticias\/quick-expansion-asume-la-gestion-del-parque-comercial-alfafar-parc\/\"]}]},{\"@type\":\"Article\",\"@id\":\"https:\/\/www.quickexpansion.com\/en\/noticias\/quick-expansion-asume-la-gestion-del-parque-comercial-alfafar-parc\/#article\",\"isPartOf\":{\"@id\":\"https:\/\/www.quickexpansion.com\/en\/noticias\/quick-expansion-asume-la-gestion-del-parque-comercial-alfafar-parc\/#webpage\"},\"author\":{\"@id\":\"http:\/\/www.quickexpansion.com\/#\/schema\/person\/a77ac750c6c036244af69f7b68aa61f6\"},\"headline\":\"Quick Expansi\\u00f3n asume la gestion del Parque Comercial Alfafar Parc\",\"datePublished\":\"2018-09-17T21:58:49+00:00\",\"dateModified\":\"2018-09-17T21:58:49+00:00\",\"mainEntityOfPage\":{\"@id\":\"https:\/\/www.quickexpansion.com\/en\/noticias\/quick-expansion-asume-la-gestion-del-parque-comercial-alfafar-parc\/#webpage\"},\"commentCount\":0,\"publisher\":{\"@id\":\"http:\/\/www.quickexpansion.com\/#organization\"},\"image\":{\"@id\":\"https:\/\/www.quickexpansion.com\/en\/noticias\/quick-expansion-asume-la-gestion-del-parque-comercial-alfafar-parc\/#primaryimage\"},\"articleSection\":\"Noticias\",\"inLanguage\":\"en-GB\",\"potentialAction\":[{\"@type\":\"CommentAction\",\"name\":\"Comment\",\"target\":[\"https:\/\/www.quickexpansion.com\/en\/noticias\/quick-expansion-asume-la-gestion-del-parque-comercial-alfafar-parc\/#respond\"]}]},{\"@type\":\"Person\",\"@id\":\"http:\/\/www.quickexpansion.com\/#\/schema\/person\/a77ac750c6c036244af69f7b68aa61f6\",\"name\":\"quickexpansion\",\"image\":{\"@type\":\"ImageObject\",\"@id\":\"http:\/\/www.quickexpansion.com\/#personlogo\",\"inLanguage\":\"en-GB\",\"url\":\"https:\/\/secure.gravatar.com\/avatar\/0a90acdc5422f8c0aa7f00cb8a450934?s=96&d=mm&r=g\",\"caption\":\"quickexpansion\"}}]}<\/script>\n<!-- \/ Yoast SEO plugin. -->","jetpack_sharing_enabled":true,"jetpack_shortlink":"https:\/\/wp.me\/p7VPSv-7tH","_links":{"self":[{"href":"https:\/\/www.quickexpansion.com\/en\/wp-json\/wp\/v2\/posts\/28749"}],"collection":[{"href":"https:\/\/www.quickexpansion.com\/en\/wp-json\/wp\/v2\/posts"}],"about":[{"href":"https:\/\/www.quickexpansion.com\/en\/wp-json\/wp\/v2\/types\/post"}],"author":[{"embeddable":true,"href":"https:\/\/www.quickexpansion.com\/en\/wp-json\/wp\/v2\/users\/2"}],"replies":[{"embeddable":true,"href":"https:\/\/www.quickexpansion.com\/en\/wp-json\/wp\/v2\/comments?post=28749"}],"version-history":[{"count":1,"href":"https:\/\/www.quickexpansion.com\/en\/wp-json\/wp\/v2\/posts\/28749\/revisions"}],"predecessor-version":[{"id":28750,"href":"https:\/\/www.quickexpansion.com\/en\/wp-json\/wp\/v2\/posts\/28749\/revisions\/28750"}],"wp:featuredmedia":[{"embeddable":true,"href":"https:\/\/www.quickexpansion.com\/en\/wp-json\/wp\/v2\/media\/26118"}],"wp:attachment":[{"href":"https:\/\/www.quickexpansion.com\/en\/wp-json\/wp\/v2\/media?parent=28749"}],"wp:term":[{"taxonomy":"category","embeddable":true,"href":"https:\/\/www.quickexpansion.com\/en\/wp-json\/wp\/v2\/categories?post=28749"},{"taxonomy":"post_tag","embeddable":true,"href":"https:\/\/www.quickexpansion.com\/en\/wp-json\/wp\/v2\/tags?post=28749"}],"curies":[{"name":"wp","href":"https:\/\/api.w.org\/{rel}","templated":true}]}}